{"id":482,"date":"2015-11-30T18:16:09","date_gmt":"2015-11-30T18:16:09","guid":{"rendered":"http:\/\/anhidacoruna.com\/web\/?p=482"},"modified":"2016-02-10T18:52:04","modified_gmt":"2016-02-10T18:52:04","slug":"exito-que-es-eso-del-tdah","status":"publish","type":"post","link":"http:\/\/anhidacoruna.com\/web\/exito-que-es-eso-del-tdah\/","title":{"rendered":"\u00c9xito \u00bfQu\u00e9 es eso del TDAH?"},"content":{"rendered":"<p>El pasado jueves 26 de Noviembre realizamos en el auditorio de Afundaci\u00f3n la charla<strong> \u00bfQu\u00e9 es eso del TDAH?<\/strong><\/p>\n<p>Cinco minutos pasaban de las 19:00 cuando <strong>Javier Est\u00e9vez y Borja Rey<\/strong> comenzaban su ponencia animando a los m\u00e1s de 170 asistentes que llenaban el auditorio a activarse con el objetivo de que pudieses mantener la atenci\u00f3n durante m\u00e1s tiempo.<\/p>\n<p><img loading=\"lazy\" decoding=\"async\" class=\"aligncenter size-full wp-image-483\" src=\"http:\/\/anhidacoruna.com\/web\/wp-content\/uploads\/2015\/11\/calentando.jpg\" alt=\"calentando\" width=\"800\" height=\"536\" srcset=\"http:\/\/anhidacoruna.com\/web\/wp-content\/uploads\/2015\/11\/calentando.jpg 800w, http:\/\/anhidacoruna.com\/web\/wp-content\/uploads\/2015\/11\/calentando-300x201.jpg 300w\" sizes=\"auto, (max-width: 800px) 100vw, 800px\" \/>Para hablar de TDAH tratando de tocar todos los temas que resultan importantes dos horas se quedan un tanto cortas, por eso tuvieron que afinar mucho los contenidos a tratar ya que un pilar importante de la charla era la participaci\u00f3n de los espectadores mediante preguntas. Los temas que finalmente abordaron fueron los siguientes:<\/p>\n<ul>\n<li>Concepto de TDAH<\/li>\n<li>Pron\u00f3stico y prevalencia<\/li>\n<li>D\u00e9ficit de atenci\u00f3n, hiperactividad e impulsividad<\/li>\n<li>Funciones ejecutivas<\/li>\n<li>El estigma del trastorno<\/li>\n<li>Trastornos del neurodesarrollo<\/li>\n<li>\u00bfC\u00f3mo funciona la cabeza?<\/li>\n<\/ul>\n<p><img loading=\"lazy\" decoding=\"async\" class=\"aligncenter size-full wp-image-485\" src=\"http:\/\/anhidacoruna.com\/web\/wp-content\/uploads\/2015\/11\/charla2.jpg\" alt=\"charla2\" width=\"800\" height=\"536\" srcset=\"http:\/\/anhidacoruna.com\/web\/wp-content\/uploads\/2015\/11\/charla2.jpg 800w, http:\/\/anhidacoruna.com\/web\/wp-content\/uploads\/2015\/11\/charla2-300x201.jpg 300w\" sizes=\"auto, (max-width: 800px) 100vw, 800px\" \/><\/p>\n<p style=\"text-align: justify;\">Durante toda la charla se fueron intercalando conceptos te\u00f3ricos con preguntas e intervenci\u00f3n del p\u00fablico, lo que facilit\u00f3 la aclaraci\u00f3n de ciertos conceptos que requer\u00edan un poco m\u00e1s de tiempo para ser perfectamente asimilados.<\/p>\n<p style=\"text-align: justify;\">A continuaci\u00f3n dejamos para todo aquel que lo desee el pdf proyectado durante la charla, recordad todos aquellos que hab\u00e9is asistido que a\u00fan pod\u00e9is cubrir el cuestionario de satisfacci\u00f3n sobre la misma.<\/p>\n<p style=\"text-align: justify;\"><a href=\"http:\/\/anhidacoruna.com\/web\/wp-content\/uploads\/2015\/11\/qu\u00e9-es-eso-del-TDAH-ANHIDACORUNA.pdf\" target=\"_blank\">\u00bfQu\u00e9 es eso del TDAH? -ANHIDACORU\u00d1A PDF<\/a><\/p>\n","protected":false},"excerpt":{"rendered":"<p>El pasado jueves 26 de Noviembre realizamos en el auditorio de Afundaci\u00f3n la charla \u00bfQu\u00e9 es eso del TDAH? Cinco minutos pasaban de las 19:00 cuando Javier Est\u00e9vez y Borja Rey comenzaban su ponencia animando a los m\u00e1s de 170 asistentes que llenaban el auditorio a activarse con el objetivo de que pudieses mantener la [&hellip;]<\/p>\n","protected":false},"author":2,"featured_media":483,"comment_status":"closed","ping_status":"open","sticky":false,"template":"","format":"standard","meta":{"footnotes":""},"categories":[3],"tags":[24,17,25],"class_list":["post-482","post","type-post","status-publish","format-standard","has-post-thumbnail","hentry","category-noticias","tag-charla","tag-formacion","tag-que-es-eso-del-tdah"],"yoast_head":"<!-- This site is optimized with the Yoast SEO plugin v26.3 - https:\/\/yoast.com\/wordpress\/plugins\/seo\/ -->\n<title>\u00c9xito \u00bfQu\u00e9 es eso del TDAH? - ANHIDACORU\u00d1A<\/title>\n<meta name=\"robots\" content=\"index, follow, max-snippet:-1, max-image-preview:large, max-video-preview:-1\" \/>\n<link rel=\"canonical\" href=\"https:\/\/anhidacoruna.com\/web\/exito-que-es-eso-del-tdah\/\" \/>\n<meta property=\"og:locale\" content=\"es_ES\" \/>\n<meta property=\"og:type\" content=\"article\" \/>\n<meta property=\"og:title\" content=\"\u00c9xito \u00bfQu\u00e9 es eso del TDAH? - ANHIDACORU\u00d1A\" \/>\n<meta property=\"og:description\" content=\"El pasado jueves 26 de Noviembre realizamos en el auditorio de Afundaci\u00f3n la charla \u00bfQu\u00e9 es eso del TDAH? Cinco minutos pasaban de las 19:00 cuando Javier Est\u00e9vez y Borja Rey comenzaban su ponencia animando a los m\u00e1s de 170 asistentes que llenaban el auditorio a activarse con el objetivo de que pudieses mantener la [&hellip;]\" \/>\n<meta property=\"og:url\" content=\"https:\/\/anhidacoruna.com\/web\/exito-que-es-eso-del-tdah\/\" \/>\n<meta property=\"og:site_name\" content=\"ANHIDACORU\u00d1A\" \/>\n<meta property=\"article:publisher\" content=\"https:\/\/www.facebook.com\/anhidacoruna\" \/>\n<meta property=\"article:published_time\" content=\"2015-11-30T18:16:09+00:00\" \/>\n<meta property=\"article:modified_time\" content=\"2016-02-10T18:52:04+00:00\" \/>\n<meta property=\"og:image\" content=\"https:\/\/anhidacoruna.com\/web\/wp-content\/uploads\/2015\/11\/calentando.jpg\" \/>\n\t<meta property=\"og:image:width\" content=\"800\" \/>\n\t<meta property=\"og:image:height\" content=\"536\" \/>\n\t<meta property=\"og:image:type\" content=\"image\/jpeg\" \/>\n<meta name=\"author\" content=\"Juan Ramos\" \/>\n<meta name=\"twitter:card\" content=\"summary_large_image\" \/>\n<meta name=\"twitter:creator\" content=\"@anhidacoruna\" \/>\n<meta name=\"twitter:site\" content=\"@anhidacoruna\" \/>\n<meta name=\"twitter:label1\" content=\"Escrito por\" \/>\n\t<meta name=\"twitter:data1\" content=\"Juan Ramos\" \/>\n\t<meta name=\"twitter:label2\" content=\"Tiempo de lectura\" \/>\n\t<meta name=\"twitter:data2\" content=\"1 minuto\" \/>\n<script type=\"application\/ld+json\" class=\"yoast-schema-graph\">{\"@context\":\"https:\/\/schema.org\",\"@graph\":[{\"@type\":\"Article\",\"@id\":\"https:\/\/anhidacoruna.com\/web\/exito-que-es-eso-del-tdah\/#article\",\"isPartOf\":{\"@id\":\"https:\/\/anhidacoruna.com\/web\/exito-que-es-eso-del-tdah\/\"},\"author\":{\"name\":\"Juan Ramos\",\"@id\":\"http:\/\/anhidacoruna.com\/web\/#\/schema\/person\/68a2f27f24bd4c31f8bf9ea691e31771\"},\"headline\":\"\u00c9xito \u00bfQu\u00e9 es eso del TDAH?\",\"datePublished\":\"2015-11-30T18:16:09+00:00\",\"dateModified\":\"2016-02-10T18:52:04+00:00\",\"mainEntityOfPage\":{\"@id\":\"https:\/\/anhidacoruna.com\/web\/exito-que-es-eso-del-tdah\/\"},\"wordCount\":236,\"publisher\":{\"@id\":\"http:\/\/anhidacoruna.com\/web\/#organization\"},\"image\":{\"@id\":\"https:\/\/anhidacoruna.com\/web\/exito-que-es-eso-del-tdah\/#primaryimage\"},\"thumbnailUrl\":\"http:\/\/anhidacoruna.com\/web\/wp-content\/uploads\/2015\/11\/calentando.jpg\",\"keywords\":[\"charla\",\"formaci\u00f3n\",\"que es eso del tdah\"],\"articleSection\":[\"Noticias\"],\"inLanguage\":\"es\"},{\"@type\":\"WebPage\",\"@id\":\"https:\/\/anhidacoruna.com\/web\/exito-que-es-eso-del-tdah\/\",\"url\":\"https:\/\/anhidacoruna.com\/web\/exito-que-es-eso-del-tdah\/\",\"name\":\"\u00c9xito \u00bfQu\u00e9 es eso del TDAH? - ANHIDACORU\u00d1A\",\"isPartOf\":{\"@id\":\"http:\/\/anhidacoruna.com\/web\/#website\"},\"primaryImageOfPage\":{\"@id\":\"https:\/\/anhidacoruna.com\/web\/exito-que-es-eso-del-tdah\/#primaryimage\"},\"image\":{\"@id\":\"https:\/\/anhidacoruna.com\/web\/exito-que-es-eso-del-tdah\/#primaryimage\"},\"thumbnailUrl\":\"http:\/\/anhidacoruna.com\/web\/wp-content\/uploads\/2015\/11\/calentando.jpg\",\"datePublished\":\"2015-11-30T18:16:09+00:00\",\"dateModified\":\"2016-02-10T18:52:04+00:00\",\"breadcrumb\":{\"@id\":\"https:\/\/anhidacoruna.com\/web\/exito-que-es-eso-del-tdah\/#breadcrumb\"},\"inLanguage\":\"es\",\"potentialAction\":[{\"@type\":\"ReadAction\",\"target\":[\"https:\/\/anhidacoruna.com\/web\/exito-que-es-eso-del-tdah\/\"]}]},{\"@type\":\"ImageObject\",\"inLanguage\":\"es\",\"@id\":\"https:\/\/anhidacoruna.com\/web\/exito-que-es-eso-del-tdah\/#primaryimage\",\"url\":\"http:\/\/anhidacoruna.com\/web\/wp-content\/uploads\/2015\/11\/calentando.jpg\",\"contentUrl\":\"http:\/\/anhidacoruna.com\/web\/wp-content\/uploads\/2015\/11\/calentando.jpg\",\"width\":800,\"height\":536},{\"@type\":\"BreadcrumbList\",\"@id\":\"https:\/\/anhidacoruna.com\/web\/exito-que-es-eso-del-tdah\/#breadcrumb\",\"itemListElement\":[{\"@type\":\"ListItem\",\"position\":1,\"name\":\"Portada\",\"item\":\"http:\/\/anhidacoruna.com\/web\/\"},{\"@type\":\"ListItem\",\"position\":2,\"name\":\"\u00c9xito \u00bfQu\u00e9 es eso del TDAH?\"}]},{\"@type\":\"WebSite\",\"@id\":\"http:\/\/anhidacoruna.com\/web\/#website\",\"url\":\"http:\/\/anhidacoruna.com\/web\/\",\"name\":\"ANHIDACORU\u00d1A\",\"description\":\"\",\"publisher\":{\"@id\":\"http:\/\/anhidacoruna.com\/web\/#organization\"},\"potentialAction\":[{\"@type\":\"SearchAction\",\"target\":{\"@type\":\"EntryPoint\",\"urlTemplate\":\"http:\/\/anhidacoruna.com\/web\/?s={search_term_string}\"},\"query-input\":{\"@type\":\"PropertyValueSpecification\",\"valueRequired\":true,\"valueName\":\"search_term_string\"}}],\"inLanguage\":\"es\"},{\"@type\":\"Organization\",\"@id\":\"http:\/\/anhidacoruna.com\/web\/#organization\",\"name\":\"ANHIDACORU\u00d1A\",\"url\":\"http:\/\/anhidacoruna.com\/web\/\",\"logo\":{\"@type\":\"ImageObject\",\"inLanguage\":\"es\",\"@id\":\"http:\/\/anhidacoruna.com\/web\/#\/schema\/logo\/image\/\",\"url\":\"https:\/\/anhidacoruna.com\/web\/wp-content\/uploads\/2015\/08\/logoanhida.jpg\",\"contentUrl\":\"https:\/\/anhidacoruna.com\/web\/wp-content\/uploads\/2015\/08\/logoanhida.jpg\",\"width\":259,\"height\":132,\"caption\":\"ANHIDACORU\u00d1A\"},\"image\":{\"@id\":\"http:\/\/anhidacoruna.com\/web\/#\/schema\/logo\/image\/\"},\"sameAs\":[\"https:\/\/www.facebook.com\/anhidacoruna\",\"https:\/\/x.com\/anhidacoruna\"]},{\"@type\":\"Person\",\"@id\":\"http:\/\/anhidacoruna.com\/web\/#\/schema\/person\/68a2f27f24bd4c31f8bf9ea691e31771\",\"name\":\"Juan Ramos\",\"url\":\"http:\/\/anhidacoruna.com\/web\/author\/juan\/\"}]}<\/script>\n<!-- \/ Yoast SEO plugin. -->","yoast_head_json":{"title":"\u00c9xito \u00bfQu\u00e9 es eso del TDAH? - ANHIDACORU\u00d1A","robots":{"index":"index","follow":"follow","max-snippet":"max-snippet:-1","max-image-preview":"max-image-preview:large","max-video-preview":"max-video-preview:-1"},"canonical":"https:\/\/anhidacoruna.com\/web\/exito-que-es-eso-del-tdah\/","og_locale":"es_ES","og_type":"article","og_title":"\u00c9xito \u00bfQu\u00e9 es eso del TDAH? - ANHIDACORU\u00d1A","og_description":"El pasado jueves 26 de Noviembre realizamos en el auditorio de Afundaci\u00f3n la charla \u00bfQu\u00e9 es eso del TDAH? Cinco minutos pasaban de las 19:00 cuando Javier Est\u00e9vez y Borja Rey comenzaban su ponencia animando a los m\u00e1s de 170 asistentes que llenaban el auditorio a activarse con el objetivo de que pudieses mantener la [&hellip;]","og_url":"https:\/\/anhidacoruna.com\/web\/exito-que-es-eso-del-tdah\/","og_site_name":"ANHIDACORU\u00d1A","article_publisher":"https:\/\/www.facebook.com\/anhidacoruna","article_published_time":"2015-11-30T18:16:09+00:00","article_modified_time":"2016-02-10T18:52:04+00:00","og_image":[{"width":800,"height":536,"url":"https:\/\/anhidacoruna.com\/web\/wp-content\/uploads\/2015\/11\/calentando.jpg","type":"image\/jpeg"}],"author":"Juan Ramos","twitter_card":"summary_large_image","twitter_creator":"@anhidacoruna","twitter_site":"@anhidacoruna","twitter_misc":{"Escrito por":"Juan Ramos","Tiempo de lectura":"1 minuto"},"schema":{"@context":"https:\/\/schema.org","@graph":[{"@type":"Article","@id":"https:\/\/anhidacoruna.com\/web\/exito-que-es-eso-del-tdah\/#article","isPartOf":{"@id":"https:\/\/anhidacoruna.com\/web\/exito-que-es-eso-del-tdah\/"},"author":{"name":"Juan Ramos","@id":"http:\/\/anhidacoruna.com\/web\/#\/schema\/person\/68a2f27f24bd4c31f8bf9ea691e31771"},"headline":"\u00c9xito \u00bfQu\u00e9 es eso del TDAH?","datePublished":"2015-11-30T18:16:09+00:00","dateModified":"2016-02-10T18:52:04+00:00","mainEntityOfPage":{"@id":"https:\/\/anhidacoruna.com\/web\/exito-que-es-eso-del-tdah\/"},"wordCount":236,"publisher":{"@id":"http:\/\/anhidacoruna.com\/web\/#organization"},"image":{"@id":"https:\/\/anhidacoruna.com\/web\/exito-que-es-eso-del-tdah\/#primaryimage"},"thumbnailUrl":"http:\/\/anhidacoruna.com\/web\/wp-content\/uploads\/2015\/11\/calentando.jpg","keywords":["charla","formaci\u00f3n","que es eso del tdah"],"articleSection":["Noticias"],"inLanguage":"es"},{"@type":"WebPage","@id":"https:\/\/anhidacoruna.com\/web\/exito-que-es-eso-del-tdah\/","url":"https:\/\/anhidacoruna.com\/web\/exito-que-es-eso-del-tdah\/","name":"\u00c9xito \u00bfQu\u00e9 es eso del TDAH? - ANHIDACORU\u00d1A","isPartOf":{"@id":"http:\/\/anhidacoruna.com\/web\/#website"},"primaryImageOfPage":{"@id":"https:\/\/anhidacoruna.com\/web\/exito-que-es-eso-del-tdah\/#primaryimage"},"image":{"@id":"https:\/\/anhidacoruna.com\/web\/exito-que-es-eso-del-tdah\/#primaryimage"},"thumbnailUrl":"http:\/\/anhidacoruna.com\/web\/wp-content\/uploads\/2015\/11\/calentando.jpg","datePublished":"2015-11-30T18:16:09+00:00","dateModified":"2016-02-10T18:52:04+00:00","breadcrumb":{"@id":"https:\/\/anhidacoruna.com\/web\/exito-que-es-eso-del-tdah\/#breadcrumb"},"inLanguage":"es","potentialAction":[{"@type":"ReadAction","target":["https:\/\/anhidacoruna.com\/web\/exito-que-es-eso-del-tdah\/"]}]},{"@type":"ImageObject","inLanguage":"es","@id":"https:\/\/anhidacoruna.com\/web\/exito-que-es-eso-del-tdah\/#primaryimage","url":"http:\/\/anhidacoruna.com\/web\/wp-content\/uploads\/2015\/11\/calentando.jpg","contentUrl":"http:\/\/anhidacoruna.com\/web\/wp-content\/uploads\/2015\/11\/calentando.jpg","width":800,"height":536},{"@type":"BreadcrumbList","@id":"https:\/\/anhidacoruna.com\/web\/exito-que-es-eso-del-tdah\/#breadcrumb","itemListElement":[{"@type":"ListItem","position":1,"name":"Portada","item":"http:\/\/anhidacoruna.com\/web\/"},{"@type":"ListItem","position":2,"name":"\u00c9xito \u00bfQu\u00e9 es eso del TDAH?"}]},{"@type":"WebSite","@id":"http:\/\/anhidacoruna.com\/web\/#website","url":"http:\/\/anhidacoruna.com\/web\/","name":"ANHIDACORU\u00d1A","description":"","publisher":{"@id":"http:\/\/anhidacoruna.com\/web\/#organization"},"potentialAction":[{"@type":"SearchAction","target":{"@type":"EntryPoint","urlTemplate":"http:\/\/anhidacoruna.com\/web\/?s={search_term_string}"},"query-input":{"@type":"PropertyValueSpecification","valueRequired":true,"valueName":"search_term_string"}}],"inLanguage":"es"},{"@type":"Organization","@id":"http:\/\/anhidacoruna.com\/web\/#organization","name":"ANHIDACORU\u00d1A","url":"http:\/\/anhidacoruna.com\/web\/","logo":{"@type":"ImageObject","inLanguage":"es","@id":"http:\/\/anhidacoruna.com\/web\/#\/schema\/logo\/image\/","url":"https:\/\/anhidacoruna.com\/web\/wp-content\/uploads\/2015\/08\/logoanhida.jpg","contentUrl":"https:\/\/anhidacoruna.com\/web\/wp-content\/uploads\/2015\/08\/logoanhida.jpg","width":259,"height":132,"caption":"ANHIDACORU\u00d1A"},"image":{"@id":"http:\/\/anhidacoruna.com\/web\/#\/schema\/logo\/image\/"},"sameAs":["https:\/\/www.facebook.com\/anhidacoruna","https:\/\/x.com\/anhidacoruna"]},{"@type":"Person","@id":"http:\/\/anhidacoruna.com\/web\/#\/schema\/person\/68a2f27f24bd4c31f8bf9ea691e31771","name":"Juan Ramos","url":"http:\/\/anhidacoruna.com\/web\/author\/juan\/"}]}},"_links":{"self":[{"href":"http:\/\/anhidacoruna.com\/web\/wp-json\/wp\/v2\/posts\/482","targetHints":{"allow":["GET"]}}],"collection":[{"href":"http:\/\/anhidacoruna.com\/web\/wp-json\/wp\/v2\/posts"}],"about":[{"href":"http:\/\/anhidacoruna.com\/web\/wp-json\/wp\/v2\/types\/post"}],"author":[{"embeddable":true,"href":"http:\/\/anhidacoruna.com\/web\/wp-json\/wp\/v2\/users\/2"}],"replies":[{"embeddable":true,"href":"http:\/\/anhidacoruna.com\/web\/wp-json\/wp\/v2\/comments?post=482"}],"version-history":[{"count":6,"href":"http:\/\/anhidacoruna.com\/web\/wp-json\/wp\/v2\/posts\/482\/revisions"}],"predecessor-version":[{"id":491,"href":"http:\/\/anhidacoruna.com\/web\/wp-json\/wp\/v2\/posts\/482\/revisions\/491"}],"wp:featuredmedia":[{"embeddable":true,"href":"http:\/\/anhidacoruna.com\/web\/wp-json\/wp\/v2\/media\/483"}],"wp:attachment":[{"href":"http:\/\/anhidacoruna.com\/web\/wp-json\/wp\/v2\/media?parent=482"}],"wp:term":[{"taxonomy":"category","embeddable":true,"href":"http:\/\/anhidacoruna.com\/web\/wp-json\/wp\/v2\/categories?post=482"},{"taxonomy":"post_tag","embeddable":true,"href":"http:\/\/anhidacoruna.com\/web\/wp-json\/wp\/v2\/tags?post=482"}],"curies":[{"name":"wp","href":"https:\/\/api.w.org\/{rel}","templated":true}]}}