{"id":1690,"date":"2024-09-16T08:42:25","date_gmt":"2024-09-16T08:42:25","guid":{"rendered":"https:\/\/anhidacoruna.com\/web\/?p=1690"},"modified":"2024-10-15T14:35:08","modified_gmt":"2024-10-15T14:35:08","slug":"talleres-psicopedagogicos-24-25","status":"publish","type":"post","link":"http:\/\/anhidacoruna.com\/web\/talleres-psicopedagogicos-24-25\/","title":{"rendered":"Talleres psicopedag\u00f3gicos 24-25"},"content":{"rendered":"\n<p>Con el comienzo del curso escolar volvemos a organizar los <strong>talleres psicopedag\u00f3gicos<\/strong> de ANHIDACORU\u00d1A que se desarrollar\u00e1n hasta el mes de Junio.<\/p>\n\n\n\n<p>En primer lugar, os recordamos que al igual que el a\u00f1o pasado todos los grupos se realizar\u00e1n los <strong>viernes por la tarde<\/strong>. A\u00fan no podemos decir en que horario ir\u00e1 cada grupo, pero si que sabemos que <strong>ser\u00e1n entre las 16:30 y las 19:30<\/strong>.<\/p>\n\n\n\n<h2 class=\"wp-block-heading\">\u00bfQu\u00e9 se trabaja en los talleres psicopedag\u00f3gicos?<\/h2>\n\n\n\n<p>En funci\u00f3n del grupo y de la edad de los asistentes los objetivos y los contenidos a trabajar pueden variar pero siempre hay un nexo com\u00fan a todos.<\/p>\n\n\n\n<p>Podemos definir que algunas de las l\u00edneas de trabajo van dirigidas a objetivos como:<\/p>\n\n\n\n<ul class=\"wp-block-list\">\n<li><strong>Trabajar <\/strong>los procesos ejecutivos b\u00e1sicos: <strong>atenci\u00f3n, memoria, percepc<\/strong>i<strong>\u00f3n<\/strong> &#8230;<\/li>\n\n\n\n<li>Mejorar la <strong>autoestima<\/strong><\/li>\n\n\n\n<li>Adquirir herramientas para la <strong>resoluci\u00f3n de conflictos<\/strong><\/li>\n\n\n\n<li>Trabajar la <strong>impulsividad<\/strong><\/li>\n\n\n\n<li>Adquirir estrategias de <strong>habilidades sociales<\/strong>.<\/li>\n<\/ul>\n\n\n<div class=\"wp-block-image\">\n<figure class=\"aligncenter size-large\"><a href=\"https:\/\/anhidacoruna.com\/web\/wp-content\/uploads\/2023\/09\/WhatsApp-Image-2023-02-09-at-10.24.59.jpg\"><img loading=\"lazy\" decoding=\"async\" width=\"1024\" height=\"471\" src=\"https:\/\/anhidacoruna.com\/web\/wp-content\/uploads\/2023\/09\/WhatsApp-Image-2023-02-09-at-10.24.59-1024x471.jpg\" alt=\"\" class=\"wp-image-1594\" srcset=\"http:\/\/anhidacoruna.com\/web\/wp-content\/uploads\/2023\/09\/WhatsApp-Image-2023-02-09-at-10.24.59-1024x471.jpg 1024w, http:\/\/anhidacoruna.com\/web\/wp-content\/uploads\/2023\/09\/WhatsApp-Image-2023-02-09-at-10.24.59-300x138.jpg 300w, http:\/\/anhidacoruna.com\/web\/wp-content\/uploads\/2023\/09\/WhatsApp-Image-2023-02-09-at-10.24.59-768x353.jpg 768w, http:\/\/anhidacoruna.com\/web\/wp-content\/uploads\/2023\/09\/WhatsApp-Image-2023-02-09-at-10.24.59-1536x707.jpg 1536w, http:\/\/anhidacoruna.com\/web\/wp-content\/uploads\/2023\/09\/WhatsApp-Image-2023-02-09-at-10.24.59.jpg 2000w\" sizes=\"auto, (max-width: 1024px) 100vw, 1024px\" \/><\/a><\/figure><\/div>\n\n\n<p>Necesitamos que si est\u00e1s interesado en que tu hijo o hija participe cubras todos los datos del <strong>formulario que encontrar\u00e1s en el enlace del final de esta p\u00e1gina<\/strong>. <\/p>\n\n\n\n<p>Es sumamente importante por temas organizativos que <strong>en la pregunta de a qu\u00e9 horarios podr\u00eda venir marques todas las opciones a las que podr\u00eda asistir, no \u00fanicamente aquella que ser\u00eda tu preferencia ideal<\/strong>. Sois muchos y vamos a tratar de ajustar los horarios a las necesidades de la mayor\u00eda de usuarios.<\/p>\n\n\n\n<p>Pasados unos d\u00edas de la preinscripci\u00f3n y cuando tengamos un n\u00famero suficiente de respuestas contactaremos contigo para informarte sobre cual ser\u00eda el horario definitivo que le corresponder\u00eda al grupo de tu hijo o hija.<\/p>\n\n\n\n<p><a href=\"https:\/\/forms.gle\/MLXmcTLoXzX94kXo7\">Link al formulario de preinscripci\u00f3n<\/a><\/p>\n","protected":false},"excerpt":{"rendered":"<p>Con el comienzo del curso escolar volvemos a organizar los talleres psicopedag\u00f3gicos de ANHIDACORU\u00d1A que se desarrollar\u00e1n hasta el mes de Junio. En primer lugar, os recordamos que al igual que el a\u00f1o pasado todos los grupos se realizar\u00e1n los viernes por la tarde. A\u00fan no podemos decir en que horario ir\u00e1 cada grupo, pero [&hellip;]<\/p>\n","protected":false},"author":2,"featured_media":1594,"comment_status":"closed","ping_status":"closed","sticky":false,"template":"","format":"standard","meta":{"footnotes":""},"categories":[3],"tags":[4,14,18],"class_list":["post-1690","post","type-post","status-publish","format-standard","has-post-thumbnail","hentry","category-noticias","tag-noticias","tag-talleres","tag-tdah"],"yoast_head":"<!-- This site is optimized with the Yoast SEO plugin v26.3 - https:\/\/yoast.com\/wordpress\/plugins\/seo\/ -->\n<title>Talleres psicopedag\u00f3gicos 24-25 - ANHIDACORU\u00d1A<\/title>\n<meta name=\"robots\" content=\"index, follow, max-snippet:-1, max-image-preview:large, max-video-preview:-1\" \/>\n<link rel=\"canonical\" href=\"https:\/\/anhidacoruna.com\/web\/talleres-psicopedagogicos-24-25\/\" \/>\n<meta property=\"og:locale\" content=\"es_ES\" \/>\n<meta property=\"og:type\" content=\"article\" \/>\n<meta property=\"og:title\" content=\"Talleres psicopedag\u00f3gicos 24-25 - ANHIDACORU\u00d1A\" \/>\n<meta property=\"og:description\" content=\"Con el comienzo del curso escolar volvemos a organizar los talleres psicopedag\u00f3gicos de ANHIDACORU\u00d1A que se desarrollar\u00e1n hasta el mes de Junio. En primer lugar, os recordamos que al igual que el a\u00f1o pasado todos los grupos se realizar\u00e1n los viernes por la tarde. A\u00fan no podemos decir en que horario ir\u00e1 cada grupo, pero [&hellip;]\" \/>\n<meta property=\"og:url\" content=\"https:\/\/anhidacoruna.com\/web\/talleres-psicopedagogicos-24-25\/\" \/>\n<meta property=\"og:site_name\" content=\"ANHIDACORU\u00d1A\" \/>\n<meta property=\"article:publisher\" content=\"https:\/\/www.facebook.com\/anhidacoruna\" \/>\n<meta property=\"article:published_time\" content=\"2024-09-16T08:42:25+00:00\" \/>\n<meta property=\"article:modified_time\" content=\"2024-10-15T14:35:08+00:00\" \/>\n<meta property=\"og:image\" content=\"https:\/\/anhidacoruna.com\/web\/wp-content\/uploads\/2023\/09\/WhatsApp-Image-2023-02-09-at-10.24.59.jpg\" \/>\n\t<meta property=\"og:image:width\" content=\"2000\" \/>\n\t<meta property=\"og:image:height\" content=\"920\" \/>\n\t<meta property=\"og:image:type\" content=\"image\/jpeg\" \/>\n<meta name=\"author\" content=\"Juan Ramos\" \/>\n<meta name=\"twitter:card\" content=\"summary_large_image\" \/>\n<meta name=\"twitter:creator\" content=\"@anhidacoruna\" \/>\n<meta name=\"twitter:site\" content=\"@anhidacoruna\" \/>\n<meta name=\"twitter:label1\" content=\"Escrito por\" \/>\n\t<meta name=\"twitter:data1\" content=\"Juan Ramos\" \/>\n\t<meta name=\"twitter:label2\" content=\"Tiempo de lectura\" \/>\n\t<meta name=\"twitter:data2\" content=\"2 minutos\" \/>\n<script type=\"application\/ld+json\" class=\"yoast-schema-graph\">{\"@context\":\"https:\/\/schema.org\",\"@graph\":[{\"@type\":\"Article\",\"@id\":\"https:\/\/anhidacoruna.com\/web\/talleres-psicopedagogicos-24-25\/#article\",\"isPartOf\":{\"@id\":\"https:\/\/anhidacoruna.com\/web\/talleres-psicopedagogicos-24-25\/\"},\"author\":{\"name\":\"Juan Ramos\",\"@id\":\"http:\/\/anhidacoruna.com\/web\/#\/schema\/person\/68a2f27f24bd4c31f8bf9ea691e31771\"},\"headline\":\"Talleres psicopedag\u00f3gicos 24-25\",\"datePublished\":\"2024-09-16T08:42:25+00:00\",\"dateModified\":\"2024-10-15T14:35:08+00:00\",\"mainEntityOfPage\":{\"@id\":\"https:\/\/anhidacoruna.com\/web\/talleres-psicopedagogicos-24-25\/\"},\"wordCount\":289,\"publisher\":{\"@id\":\"http:\/\/anhidacoruna.com\/web\/#organization\"},\"image\":{\"@id\":\"https:\/\/anhidacoruna.com\/web\/talleres-psicopedagogicos-24-25\/#primaryimage\"},\"thumbnailUrl\":\"http:\/\/anhidacoruna.com\/web\/wp-content\/uploads\/2023\/09\/WhatsApp-Image-2023-02-09-at-10.24.59.jpg\",\"keywords\":[\"noticias\",\"talleres\",\"tdah\"],\"articleSection\":[\"Noticias\"],\"inLanguage\":\"es\"},{\"@type\":\"WebPage\",\"@id\":\"https:\/\/anhidacoruna.com\/web\/talleres-psicopedagogicos-24-25\/\",\"url\":\"https:\/\/anhidacoruna.com\/web\/talleres-psicopedagogicos-24-25\/\",\"name\":\"Talleres psicopedag\u00f3gicos 24-25 - ANHIDACORU\u00d1A\",\"isPartOf\":{\"@id\":\"http:\/\/anhidacoruna.com\/web\/#website\"},\"primaryImageOfPage\":{\"@id\":\"https:\/\/anhidacoruna.com\/web\/talleres-psicopedagogicos-24-25\/#primaryimage\"},\"image\":{\"@id\":\"https:\/\/anhidacoruna.com\/web\/talleres-psicopedagogicos-24-25\/#primaryimage\"},\"thumbnailUrl\":\"http:\/\/anhidacoruna.com\/web\/wp-content\/uploads\/2023\/09\/WhatsApp-Image-2023-02-09-at-10.24.59.jpg\",\"datePublished\":\"2024-09-16T08:42:25+00:00\",\"dateModified\":\"2024-10-15T14:35:08+00:00\",\"breadcrumb\":{\"@id\":\"https:\/\/anhidacoruna.com\/web\/talleres-psicopedagogicos-24-25\/#breadcrumb\"},\"inLanguage\":\"es\",\"potentialAction\":[{\"@type\":\"ReadAction\",\"target\":[\"https:\/\/anhidacoruna.com\/web\/talleres-psicopedagogicos-24-25\/\"]}]},{\"@type\":\"ImageObject\",\"inLanguage\":\"es\",\"@id\":\"https:\/\/anhidacoruna.com\/web\/talleres-psicopedagogicos-24-25\/#primaryimage\",\"url\":\"http:\/\/anhidacoruna.com\/web\/wp-content\/uploads\/2023\/09\/WhatsApp-Image-2023-02-09-at-10.24.59.jpg\",\"contentUrl\":\"http:\/\/anhidacoruna.com\/web\/wp-content\/uploads\/2023\/09\/WhatsApp-Image-2023-02-09-at-10.24.59.jpg\",\"width\":2000,\"height\":920},{\"@type\":\"BreadcrumbList\",\"@id\":\"https:\/\/anhidacoruna.com\/web\/talleres-psicopedagogicos-24-25\/#breadcrumb\",\"itemListElement\":[{\"@type\":\"ListItem\",\"position\":1,\"name\":\"Portada\",\"item\":\"http:\/\/anhidacoruna.com\/web\/\"},{\"@type\":\"ListItem\",\"position\":2,\"name\":\"Talleres psicopedag\u00f3gicos 24-25\"}]},{\"@type\":\"WebSite\",\"@id\":\"http:\/\/anhidacoruna.com\/web\/#website\",\"url\":\"http:\/\/anhidacoruna.com\/web\/\",\"name\":\"ANHIDACORU\u00d1A\",\"description\":\"\",\"publisher\":{\"@id\":\"http:\/\/anhidacoruna.com\/web\/#organization\"},\"potentialAction\":[{\"@type\":\"SearchAction\",\"target\":{\"@type\":\"EntryPoint\",\"urlTemplate\":\"http:\/\/anhidacoruna.com\/web\/?s={search_term_string}\"},\"query-input\":{\"@type\":\"PropertyValueSpecification\",\"valueRequired\":true,\"valueName\":\"search_term_string\"}}],\"inLanguage\":\"es\"},{\"@type\":\"Organization\",\"@id\":\"http:\/\/anhidacoruna.com\/web\/#organization\",\"name\":\"ANHIDACORU\u00d1A\",\"url\":\"http:\/\/anhidacoruna.com\/web\/\",\"logo\":{\"@type\":\"ImageObject\",\"inLanguage\":\"es\",\"@id\":\"http:\/\/anhidacoruna.com\/web\/#\/schema\/logo\/image\/\",\"url\":\"https:\/\/anhidacoruna.com\/web\/wp-content\/uploads\/2015\/08\/logoanhida.jpg\",\"contentUrl\":\"https:\/\/anhidacoruna.com\/web\/wp-content\/uploads\/2015\/08\/logoanhida.jpg\",\"width\":259,\"height\":132,\"caption\":\"ANHIDACORU\u00d1A\"},\"image\":{\"@id\":\"http:\/\/anhidacoruna.com\/web\/#\/schema\/logo\/image\/\"},\"sameAs\":[\"https:\/\/www.facebook.com\/anhidacoruna\",\"https:\/\/x.com\/anhidacoruna\"]},{\"@type\":\"Person\",\"@id\":\"http:\/\/anhidacoruna.com\/web\/#\/schema\/person\/68a2f27f24bd4c31f8bf9ea691e31771\",\"name\":\"Juan Ramos\",\"url\":\"http:\/\/anhidacoruna.com\/web\/author\/juan\/\"}]}<\/script>\n<!-- \/ Yoast SEO plugin. -->","yoast_head_json":{"title":"Talleres psicopedag\u00f3gicos 24-25 - ANHIDACORU\u00d1A","robots":{"index":"index","follow":"follow","max-snippet":"max-snippet:-1","max-image-preview":"max-image-preview:large","max-video-preview":"max-video-preview:-1"},"canonical":"https:\/\/anhidacoruna.com\/web\/talleres-psicopedagogicos-24-25\/","og_locale":"es_ES","og_type":"article","og_title":"Talleres psicopedag\u00f3gicos 24-25 - ANHIDACORU\u00d1A","og_description":"Con el comienzo del curso escolar volvemos a organizar los talleres psicopedag\u00f3gicos de ANHIDACORU\u00d1A que se desarrollar\u00e1n hasta el mes de Junio. En primer lugar, os recordamos que al igual que el a\u00f1o pasado todos los grupos se realizar\u00e1n los viernes por la tarde. A\u00fan no podemos decir en que horario ir\u00e1 cada grupo, pero [&hellip;]","og_url":"https:\/\/anhidacoruna.com\/web\/talleres-psicopedagogicos-24-25\/","og_site_name":"ANHIDACORU\u00d1A","article_publisher":"https:\/\/www.facebook.com\/anhidacoruna","article_published_time":"2024-09-16T08:42:25+00:00","article_modified_time":"2024-10-15T14:35:08+00:00","og_image":[{"width":2000,"height":920,"url":"https:\/\/anhidacoruna.com\/web\/wp-content\/uploads\/2023\/09\/WhatsApp-Image-2023-02-09-at-10.24.59.jpg","type":"image\/jpeg"}],"author":"Juan Ramos","twitter_card":"summary_large_image","twitter_creator":"@anhidacoruna","twitter_site":"@anhidacoruna","twitter_misc":{"Escrito por":"Juan Ramos","Tiempo de lectura":"2 minutos"},"schema":{"@context":"https:\/\/schema.org","@graph":[{"@type":"Article","@id":"https:\/\/anhidacoruna.com\/web\/talleres-psicopedagogicos-24-25\/#article","isPartOf":{"@id":"https:\/\/anhidacoruna.com\/web\/talleres-psicopedagogicos-24-25\/"},"author":{"name":"Juan Ramos","@id":"http:\/\/anhidacoruna.com\/web\/#\/schema\/person\/68a2f27f24bd4c31f8bf9ea691e31771"},"headline":"Talleres psicopedag\u00f3gicos 24-25","datePublished":"2024-09-16T08:42:25+00:00","dateModified":"2024-10-15T14:35:08+00:00","mainEntityOfPage":{"@id":"https:\/\/anhidacoruna.com\/web\/talleres-psicopedagogicos-24-25\/"},"wordCount":289,"publisher":{"@id":"http:\/\/anhidacoruna.com\/web\/#organization"},"image":{"@id":"https:\/\/anhidacoruna.com\/web\/talleres-psicopedagogicos-24-25\/#primaryimage"},"thumbnailUrl":"http:\/\/anhidacoruna.com\/web\/wp-content\/uploads\/2023\/09\/WhatsApp-Image-2023-02-09-at-10.24.59.jpg","keywords":["noticias","talleres","tdah"],"articleSection":["Noticias"],"inLanguage":"es"},{"@type":"WebPage","@id":"https:\/\/anhidacoruna.com\/web\/talleres-psicopedagogicos-24-25\/","url":"https:\/\/anhidacoruna.com\/web\/talleres-psicopedagogicos-24-25\/","name":"Talleres psicopedag\u00f3gicos 24-25 - ANHIDACORU\u00d1A","isPartOf":{"@id":"http:\/\/anhidacoruna.com\/web\/#website"},"primaryImageOfPage":{"@id":"https:\/\/anhidacoruna.com\/web\/talleres-psicopedagogicos-24-25\/#primaryimage"},"image":{"@id":"https:\/\/anhidacoruna.com\/web\/talleres-psicopedagogicos-24-25\/#primaryimage"},"thumbnailUrl":"http:\/\/anhidacoruna.com\/web\/wp-content\/uploads\/2023\/09\/WhatsApp-Image-2023-02-09-at-10.24.59.jpg","datePublished":"2024-09-16T08:42:25+00:00","dateModified":"2024-10-15T14:35:08+00:00","breadcrumb":{"@id":"https:\/\/anhidacoruna.com\/web\/talleres-psicopedagogicos-24-25\/#breadcrumb"},"inLanguage":"es","potentialAction":[{"@type":"ReadAction","target":["https:\/\/anhidacoruna.com\/web\/talleres-psicopedagogicos-24-25\/"]}]},{"@type":"ImageObject","inLanguage":"es","@id":"https:\/\/anhidacoruna.com\/web\/talleres-psicopedagogicos-24-25\/#primaryimage","url":"http:\/\/anhidacoruna.com\/web\/wp-content\/uploads\/2023\/09\/WhatsApp-Image-2023-02-09-at-10.24.59.jpg","contentUrl":"http:\/\/anhidacoruna.com\/web\/wp-content\/uploads\/2023\/09\/WhatsApp-Image-2023-02-09-at-10.24.59.jpg","width":2000,"height":920},{"@type":"BreadcrumbList","@id":"https:\/\/anhidacoruna.com\/web\/talleres-psicopedagogicos-24-25\/#breadcrumb","itemListElement":[{"@type":"ListItem","position":1,"name":"Portada","item":"http:\/\/anhidacoruna.com\/web\/"},{"@type":"ListItem","position":2,"name":"Talleres psicopedag\u00f3gicos 24-25"}]},{"@type":"WebSite","@id":"http:\/\/anhidacoruna.com\/web\/#website","url":"http:\/\/anhidacoruna.com\/web\/","name":"ANHIDACORU\u00d1A","description":"","publisher":{"@id":"http:\/\/anhidacoruna.com\/web\/#organization"},"potentialAction":[{"@type":"SearchAction","target":{"@type":"EntryPoint","urlTemplate":"http:\/\/anhidacoruna.com\/web\/?s={search_term_string}"},"query-input":{"@type":"PropertyValueSpecification","valueRequired":true,"valueName":"search_term_string"}}],"inLanguage":"es"},{"@type":"Organization","@id":"http:\/\/anhidacoruna.com\/web\/#organization","name":"ANHIDACORU\u00d1A","url":"http:\/\/anhidacoruna.com\/web\/","logo":{"@type":"ImageObject","inLanguage":"es","@id":"http:\/\/anhidacoruna.com\/web\/#\/schema\/logo\/image\/","url":"https:\/\/anhidacoruna.com\/web\/wp-content\/uploads\/2015\/08\/logoanhida.jpg","contentUrl":"https:\/\/anhidacoruna.com\/web\/wp-content\/uploads\/2015\/08\/logoanhida.jpg","width":259,"height":132,"caption":"ANHIDACORU\u00d1A"},"image":{"@id":"http:\/\/anhidacoruna.com\/web\/#\/schema\/logo\/image\/"},"sameAs":["https:\/\/www.facebook.com\/anhidacoruna","https:\/\/x.com\/anhidacoruna"]},{"@type":"Person","@id":"http:\/\/anhidacoruna.com\/web\/#\/schema\/person\/68a2f27f24bd4c31f8bf9ea691e31771","name":"Juan Ramos","url":"http:\/\/anhidacoruna.com\/web\/author\/juan\/"}]}},"_links":{"self":[{"href":"http:\/\/anhidacoruna.com\/web\/wp-json\/wp\/v2\/posts\/1690","targetHints":{"allow":["GET"]}}],"collection":[{"href":"http:\/\/anhidacoruna.com\/web\/wp-json\/wp\/v2\/posts"}],"about":[{"href":"http:\/\/anhidacoruna.com\/web\/wp-json\/wp\/v2\/types\/post"}],"author":[{"embeddable":true,"href":"http:\/\/anhidacoruna.com\/web\/wp-json\/wp\/v2\/users\/2"}],"replies":[{"embeddable":true,"href":"http:\/\/anhidacoruna.com\/web\/wp-json\/wp\/v2\/comments?post=1690"}],"version-history":[{"count":2,"href":"http:\/\/anhidacoruna.com\/web\/wp-json\/wp\/v2\/posts\/1690\/revisions"}],"predecessor-version":[{"id":1693,"href":"http:\/\/anhidacoruna.com\/web\/wp-json\/wp\/v2\/posts\/1690\/revisions\/1693"}],"wp:featuredmedia":[{"embeddable":true,"href":"http:\/\/anhidacoruna.com\/web\/wp-json\/wp\/v2\/media\/1594"}],"wp:attachment":[{"href":"http:\/\/anhidacoruna.com\/web\/wp-json\/wp\/v2\/media?parent=1690"}],"wp:term":[{"taxonomy":"category","embeddable":true,"href":"http:\/\/anhidacoruna.com\/web\/wp-json\/wp\/v2\/categories?post=1690"},{"taxonomy":"post_tag","embeddable":true,"href":"http:\/\/anhidacoruna.com\/web\/wp-json\/wp\/v2\/tags?post=1690"}],"curies":[{"name":"wp","href":"https:\/\/api.w.org\/{rel}","templated":true}]}}