{"id":1599,"date":"2023-09-14T07:56:26","date_gmt":"2023-09-14T07:56:26","guid":{"rendered":"https:\/\/anhidacoruna.com\/web\/?p=1599"},"modified":"2023-09-14T07:56:26","modified_gmt":"2023-09-14T07:56:26","slug":"presentacion-del-libro-el-camino-de-la-inclusion","status":"publish","type":"post","link":"http:\/\/anhidacoruna.com\/web\/presentacion-del-libro-el-camino-de-la-inclusion\/","title":{"rendered":"Presentaci\u00f3n del libro &#8220;El camino de la inclusi\u00f3n&#8221;"},"content":{"rendered":"\n<p>Desde ANHIDACORU\u00d1A queremos invitarte a la presentaci\u00f3n del <strong>libro \u201cEL CAMINO DE LA INCLUSI\u00d3N<\/strong>\u201d, obra colectiva realizada por el equipo de edici\u00f3n de la asociaci\u00f3n. <\/p>\n\n\n\n<p><strong>EL CAMINO DE LA INCLUSI\u00d3N, DIARIO DE MARIA Y PEDRO<\/strong>: Es un libro escrito desde distintos registros: familiar (diarios reales de familias de ANHIDACORU\u00d1A), educativo (orientadoras que aportan sus conocimientos sobre los cambios legislativos en los \u00faltimos a\u00f1os y distintas herramientas para atender a la diversidad) y social (la realidad del TDAH en Galicia).<\/p>\n\n\n<div class=\"wp-block-image\">\n<figure class=\"aligncenter size-full\"><a href=\"https:\/\/anhidacoruna.com\/web\/wp-content\/uploads\/2023\/09\/376414978_899004998289908_5745872329544092553_n.jpg\"><img loading=\"lazy\" decoding=\"async\" width=\"464\" height=\"321\" src=\"https:\/\/anhidacoruna.com\/web\/wp-content\/uploads\/2023\/09\/376414978_899004998289908_5745872329544092553_n.jpg\" alt=\"\" class=\"wp-image-1600\" srcset=\"http:\/\/anhidacoruna.com\/web\/wp-content\/uploads\/2023\/09\/376414978_899004998289908_5745872329544092553_n.jpg 464w, http:\/\/anhidacoruna.com\/web\/wp-content\/uploads\/2023\/09\/376414978_899004998289908_5745872329544092553_n-300x208.jpg 300w\" sizes=\"auto, (max-width: 464px) 100vw, 464px\" \/><\/a><\/figure><\/div>\n\n\n<p>En el curso del acto, D. Marcelo Castelo Rivas, comunicador divergente con TDAH, junto a D.Javier Cudeiro Mazaira, Especialista en Neurofisiolog\u00eda y Catedr\u00e1tico de Fisiolog\u00eda de la Universidad de A Coru\u00f1a, nos explicar\u00e1n en qu\u00e9 consiste \u201c<strong>DAR CLASE COMO LOS NEUROCRACKS<\/strong>&#8220;<\/p>\n\n\n\n<p>La presentaci\u00f3n del libro tendr\u00e1 lugar el pr\u00f3ximo jueves 21 de septiembre de 2023 a las 19:00 en la sede AFUNDACI\u00d3N (A Coru\u00f1a. C\/ Cant\u00f3n Grande, 8)<\/p>\n\n\n\n<p>Es necesario confirmar asistencia para acudir a la presentaci\u00f3n en <a href=\"https:\/\/docs.google.com\/forms\/d\/e\/1FAIpQLSfX4iVT1OHaOX-oaz2uYxyTzc-yWZf5mOEP0TXslyr7gT2OMQ\/viewform\" target=\"_blank\" rel=\"noreferrer noopener\">el siguiente formulario que se encuentra en este link<\/a><\/p>\n\n\n\n<p><\/p>\n","protected":false},"excerpt":{"rendered":"<p>Desde ANHIDACORU\u00d1A queremos invitarte a la presentaci\u00f3n del libro \u201cEL CAMINO DE LA INCLUSI\u00d3N\u201d, obra colectiva realizada por el equipo de edici\u00f3n de la asociaci\u00f3n. EL CAMINO DE LA INCLUSI\u00d3N, DIARIO DE MARIA Y PEDRO: Es un libro escrito desde distintos registros: familiar (diarios reales de familias de ANHIDACORU\u00d1A), educativo (orientadoras que aportan sus conocimientos [&hellip;]<\/p>\n","protected":false},"author":2,"featured_media":1600,"comment_status":"closed","ping_status":"closed","sticky":true,"template":"","format":"standard","meta":{"footnotes":""},"categories":[3],"tags":[4],"class_list":["post-1599","post","type-post","status-publish","format-standard","has-post-thumbnail","hentry","category-noticias","tag-noticias","sticky"],"yoast_head":"<!-- This site is optimized with the Yoast SEO plugin v26.3 - https:\/\/yoast.com\/wordpress\/plugins\/seo\/ -->\n<title>Presentaci\u00f3n del libro &quot;El camino de la inclusi\u00f3n&quot; - ANHIDACORU\u00d1A<\/title>\n<meta name=\"robots\" content=\"index, follow, max-snippet:-1, max-image-preview:large, max-video-preview:-1\" \/>\n<link rel=\"canonical\" href=\"http:\/\/anhidacoruna.com\/web\/presentacion-del-libro-el-camino-de-la-inclusion\/\" \/>\n<meta property=\"og:locale\" content=\"es_ES\" \/>\n<meta property=\"og:type\" content=\"article\" \/>\n<meta property=\"og:title\" content=\"Presentaci\u00f3n del libro &quot;El camino de la inclusi\u00f3n&quot; - ANHIDACORU\u00d1A\" \/>\n<meta property=\"og:description\" content=\"Desde ANHIDACORU\u00d1A queremos invitarte a la presentaci\u00f3n del libro \u201cEL CAMINO DE LA INCLUSI\u00d3N\u201d, obra colectiva realizada por el equipo de edici\u00f3n de la asociaci\u00f3n. EL CAMINO DE LA INCLUSI\u00d3N, DIARIO DE MARIA Y PEDRO: Es un libro escrito desde distintos registros: familiar (diarios reales de familias de ANHIDACORU\u00d1A), educativo (orientadoras que aportan sus conocimientos [&hellip;]\" \/>\n<meta property=\"og:url\" content=\"http:\/\/anhidacoruna.com\/web\/presentacion-del-libro-el-camino-de-la-inclusion\/\" \/>\n<meta property=\"og:site_name\" content=\"ANHIDACORU\u00d1A\" \/>\n<meta property=\"article:publisher\" content=\"https:\/\/www.facebook.com\/anhidacoruna\" \/>\n<meta property=\"article:published_time\" content=\"2023-09-14T07:56:26+00:00\" \/>\n<meta property=\"og:image\" content=\"http:\/\/anhidacoruna.com\/web\/wp-content\/uploads\/2023\/09\/376414978_899004998289908_5745872329544092553_n.jpg\" \/>\n\t<meta property=\"og:image:width\" content=\"464\" \/>\n\t<meta property=\"og:image:height\" content=\"321\" \/>\n\t<meta property=\"og:image:type\" content=\"image\/jpeg\" \/>\n<meta name=\"author\" content=\"Juan Ramos\" \/>\n<meta name=\"twitter:card\" content=\"summary_large_image\" \/>\n<meta name=\"twitter:creator\" content=\"@anhidacoruna\" \/>\n<meta name=\"twitter:site\" content=\"@anhidacoruna\" \/>\n<meta name=\"twitter:label1\" content=\"Escrito por\" \/>\n\t<meta name=\"twitter:data1\" content=\"Juan Ramos\" \/>\n\t<meta name=\"twitter:label2\" content=\"Tiempo de lectura\" \/>\n\t<meta name=\"twitter:data2\" content=\"1 minuto\" \/>\n<script type=\"application\/ld+json\" class=\"yoast-schema-graph\">{\"@context\":\"https:\/\/schema.org\",\"@graph\":[{\"@type\":\"Article\",\"@id\":\"http:\/\/anhidacoruna.com\/web\/presentacion-del-libro-el-camino-de-la-inclusion\/#article\",\"isPartOf\":{\"@id\":\"http:\/\/anhidacoruna.com\/web\/presentacion-del-libro-el-camino-de-la-inclusion\/\"},\"author\":{\"name\":\"Juan Ramos\",\"@id\":\"http:\/\/anhidacoruna.com\/web\/#\/schema\/person\/68a2f27f24bd4c31f8bf9ea691e31771\"},\"headline\":\"Presentaci\u00f3n del libro &#8220;El camino de la inclusi\u00f3n&#8221;\",\"datePublished\":\"2023-09-14T07:56:26+00:00\",\"mainEntityOfPage\":{\"@id\":\"http:\/\/anhidacoruna.com\/web\/presentacion-del-libro-el-camino-de-la-inclusion\/\"},\"wordCount\":192,\"publisher\":{\"@id\":\"http:\/\/anhidacoruna.com\/web\/#organization\"},\"image\":{\"@id\":\"http:\/\/anhidacoruna.com\/web\/presentacion-del-libro-el-camino-de-la-inclusion\/#primaryimage\"},\"thumbnailUrl\":\"http:\/\/anhidacoruna.com\/web\/wp-content\/uploads\/2023\/09\/376414978_899004998289908_5745872329544092553_n.jpg\",\"keywords\":[\"noticias\"],\"articleSection\":[\"Noticias\"],\"inLanguage\":\"es\"},{\"@type\":\"WebPage\",\"@id\":\"http:\/\/anhidacoruna.com\/web\/presentacion-del-libro-el-camino-de-la-inclusion\/\",\"url\":\"http:\/\/anhidacoruna.com\/web\/presentacion-del-libro-el-camino-de-la-inclusion\/\",\"name\":\"Presentaci\u00f3n del libro \\\"El camino de la inclusi\u00f3n\\\" - ANHIDACORU\u00d1A\",\"isPartOf\":{\"@id\":\"http:\/\/anhidacoruna.com\/web\/#website\"},\"primaryImageOfPage\":{\"@id\":\"http:\/\/anhidacoruna.com\/web\/presentacion-del-libro-el-camino-de-la-inclusion\/#primaryimage\"},\"image\":{\"@id\":\"http:\/\/anhidacoruna.com\/web\/presentacion-del-libro-el-camino-de-la-inclusion\/#primaryimage\"},\"thumbnailUrl\":\"http:\/\/anhidacoruna.com\/web\/wp-content\/uploads\/2023\/09\/376414978_899004998289908_5745872329544092553_n.jpg\",\"datePublished\":\"2023-09-14T07:56:26+00:00\",\"breadcrumb\":{\"@id\":\"http:\/\/anhidacoruna.com\/web\/presentacion-del-libro-el-camino-de-la-inclusion\/#breadcrumb\"},\"inLanguage\":\"es\",\"potentialAction\":[{\"@type\":\"ReadAction\",\"target\":[\"http:\/\/anhidacoruna.com\/web\/presentacion-del-libro-el-camino-de-la-inclusion\/\"]}]},{\"@type\":\"ImageObject\",\"inLanguage\":\"es\",\"@id\":\"http:\/\/anhidacoruna.com\/web\/presentacion-del-libro-el-camino-de-la-inclusion\/#primaryimage\",\"url\":\"http:\/\/anhidacoruna.com\/web\/wp-content\/uploads\/2023\/09\/376414978_899004998289908_5745872329544092553_n.jpg\",\"contentUrl\":\"http:\/\/anhidacoruna.com\/web\/wp-content\/uploads\/2023\/09\/376414978_899004998289908_5745872329544092553_n.jpg\",\"width\":464,\"height\":321},{\"@type\":\"BreadcrumbList\",\"@id\":\"http:\/\/anhidacoruna.com\/web\/presentacion-del-libro-el-camino-de-la-inclusion\/#breadcrumb\",\"itemListElement\":[{\"@type\":\"ListItem\",\"position\":1,\"name\":\"Portada\",\"item\":\"http:\/\/anhidacoruna.com\/web\/\"},{\"@type\":\"ListItem\",\"position\":2,\"name\":\"Presentaci\u00f3n del libro &#8220;El camino de la inclusi\u00f3n&#8221;\"}]},{\"@type\":\"WebSite\",\"@id\":\"http:\/\/anhidacoruna.com\/web\/#website\",\"url\":\"http:\/\/anhidacoruna.com\/web\/\",\"name\":\"ANHIDACORU\u00d1A\",\"description\":\"\",\"publisher\":{\"@id\":\"http:\/\/anhidacoruna.com\/web\/#organization\"},\"potentialAction\":[{\"@type\":\"SearchAction\",\"target\":{\"@type\":\"EntryPoint\",\"urlTemplate\":\"http:\/\/anhidacoruna.com\/web\/?s={search_term_string}\"},\"query-input\":{\"@type\":\"PropertyValueSpecification\",\"valueRequired\":true,\"valueName\":\"search_term_string\"}}],\"inLanguage\":\"es\"},{\"@type\":\"Organization\",\"@id\":\"http:\/\/anhidacoruna.com\/web\/#organization\",\"name\":\"ANHIDACORU\u00d1A\",\"url\":\"http:\/\/anhidacoruna.com\/web\/\",\"logo\":{\"@type\":\"ImageObject\",\"inLanguage\":\"es\",\"@id\":\"http:\/\/anhidacoruna.com\/web\/#\/schema\/logo\/image\/\",\"url\":\"https:\/\/anhidacoruna.com\/web\/wp-content\/uploads\/2015\/08\/logoanhida.jpg\",\"contentUrl\":\"https:\/\/anhidacoruna.com\/web\/wp-content\/uploads\/2015\/08\/logoanhida.jpg\",\"width\":259,\"height\":132,\"caption\":\"ANHIDACORU\u00d1A\"},\"image\":{\"@id\":\"http:\/\/anhidacoruna.com\/web\/#\/schema\/logo\/image\/\"},\"sameAs\":[\"https:\/\/www.facebook.com\/anhidacoruna\",\"https:\/\/x.com\/anhidacoruna\"]},{\"@type\":\"Person\",\"@id\":\"http:\/\/anhidacoruna.com\/web\/#\/schema\/person\/68a2f27f24bd4c31f8bf9ea691e31771\",\"name\":\"Juan Ramos\",\"url\":\"http:\/\/anhidacoruna.com\/web\/author\/juan\/\"}]}<\/script>\n<!-- \/ Yoast SEO plugin. -->","yoast_head_json":{"title":"Presentaci\u00f3n del libro \"El camino de la inclusi\u00f3n\" - ANHIDACORU\u00d1A","robots":{"index":"index","follow":"follow","max-snippet":"max-snippet:-1","max-image-preview":"max-image-preview:large","max-video-preview":"max-video-preview:-1"},"canonical":"http:\/\/anhidacoruna.com\/web\/presentacion-del-libro-el-camino-de-la-inclusion\/","og_locale":"es_ES","og_type":"article","og_title":"Presentaci\u00f3n del libro \"El camino de la inclusi\u00f3n\" - ANHIDACORU\u00d1A","og_description":"Desde ANHIDACORU\u00d1A queremos invitarte a la presentaci\u00f3n del libro \u201cEL CAMINO DE LA INCLUSI\u00d3N\u201d, obra colectiva realizada por el equipo de edici\u00f3n de la asociaci\u00f3n. EL CAMINO DE LA INCLUSI\u00d3N, DIARIO DE MARIA Y PEDRO: Es un libro escrito desde distintos registros: familiar (diarios reales de familias de ANHIDACORU\u00d1A), educativo (orientadoras que aportan sus conocimientos [&hellip;]","og_url":"http:\/\/anhidacoruna.com\/web\/presentacion-del-libro-el-camino-de-la-inclusion\/","og_site_name":"ANHIDACORU\u00d1A","article_publisher":"https:\/\/www.facebook.com\/anhidacoruna","article_published_time":"2023-09-14T07:56:26+00:00","og_image":[{"width":464,"height":321,"url":"http:\/\/anhidacoruna.com\/web\/wp-content\/uploads\/2023\/09\/376414978_899004998289908_5745872329544092553_n.jpg","type":"image\/jpeg"}],"author":"Juan Ramos","twitter_card":"summary_large_image","twitter_creator":"@anhidacoruna","twitter_site":"@anhidacoruna","twitter_misc":{"Escrito por":"Juan Ramos","Tiempo de lectura":"1 minuto"},"schema":{"@context":"https:\/\/schema.org","@graph":[{"@type":"Article","@id":"http:\/\/anhidacoruna.com\/web\/presentacion-del-libro-el-camino-de-la-inclusion\/#article","isPartOf":{"@id":"http:\/\/anhidacoruna.com\/web\/presentacion-del-libro-el-camino-de-la-inclusion\/"},"author":{"name":"Juan Ramos","@id":"http:\/\/anhidacoruna.com\/web\/#\/schema\/person\/68a2f27f24bd4c31f8bf9ea691e31771"},"headline":"Presentaci\u00f3n del libro &#8220;El camino de la inclusi\u00f3n&#8221;","datePublished":"2023-09-14T07:56:26+00:00","mainEntityOfPage":{"@id":"http:\/\/anhidacoruna.com\/web\/presentacion-del-libro-el-camino-de-la-inclusion\/"},"wordCount":192,"publisher":{"@id":"http:\/\/anhidacoruna.com\/web\/#organization"},"image":{"@id":"http:\/\/anhidacoruna.com\/web\/presentacion-del-libro-el-camino-de-la-inclusion\/#primaryimage"},"thumbnailUrl":"http:\/\/anhidacoruna.com\/web\/wp-content\/uploads\/2023\/09\/376414978_899004998289908_5745872329544092553_n.jpg","keywords":["noticias"],"articleSection":["Noticias"],"inLanguage":"es"},{"@type":"WebPage","@id":"http:\/\/anhidacoruna.com\/web\/presentacion-del-libro-el-camino-de-la-inclusion\/","url":"http:\/\/anhidacoruna.com\/web\/presentacion-del-libro-el-camino-de-la-inclusion\/","name":"Presentaci\u00f3n del libro \"El camino de la inclusi\u00f3n\" - ANHIDACORU\u00d1A","isPartOf":{"@id":"http:\/\/anhidacoruna.com\/web\/#website"},"primaryImageOfPage":{"@id":"http:\/\/anhidacoruna.com\/web\/presentacion-del-libro-el-camino-de-la-inclusion\/#primaryimage"},"image":{"@id":"http:\/\/anhidacoruna.com\/web\/presentacion-del-libro-el-camino-de-la-inclusion\/#primaryimage"},"thumbnailUrl":"http:\/\/anhidacoruna.com\/web\/wp-content\/uploads\/2023\/09\/376414978_899004998289908_5745872329544092553_n.jpg","datePublished":"2023-09-14T07:56:26+00:00","breadcrumb":{"@id":"http:\/\/anhidacoruna.com\/web\/presentacion-del-libro-el-camino-de-la-inclusion\/#breadcrumb"},"inLanguage":"es","potentialAction":[{"@type":"ReadAction","target":["http:\/\/anhidacoruna.com\/web\/presentacion-del-libro-el-camino-de-la-inclusion\/"]}]},{"@type":"ImageObject","inLanguage":"es","@id":"http:\/\/anhidacoruna.com\/web\/presentacion-del-libro-el-camino-de-la-inclusion\/#primaryimage","url":"http:\/\/anhidacoruna.com\/web\/wp-content\/uploads\/2023\/09\/376414978_899004998289908_5745872329544092553_n.jpg","contentUrl":"http:\/\/anhidacoruna.com\/web\/wp-content\/uploads\/2023\/09\/376414978_899004998289908_5745872329544092553_n.jpg","width":464,"height":321},{"@type":"BreadcrumbList","@id":"http:\/\/anhidacoruna.com\/web\/presentacion-del-libro-el-camino-de-la-inclusion\/#breadcrumb","itemListElement":[{"@type":"ListItem","position":1,"name":"Portada","item":"http:\/\/anhidacoruna.com\/web\/"},{"@type":"ListItem","position":2,"name":"Presentaci\u00f3n del libro &#8220;El camino de la inclusi\u00f3n&#8221;"}]},{"@type":"WebSite","@id":"http:\/\/anhidacoruna.com\/web\/#website","url":"http:\/\/anhidacoruna.com\/web\/","name":"ANHIDACORU\u00d1A","description":"","publisher":{"@id":"http:\/\/anhidacoruna.com\/web\/#organization"},"potentialAction":[{"@type":"SearchAction","target":{"@type":"EntryPoint","urlTemplate":"http:\/\/anhidacoruna.com\/web\/?s={search_term_string}"},"query-input":{"@type":"PropertyValueSpecification","valueRequired":true,"valueName":"search_term_string"}}],"inLanguage":"es"},{"@type":"Organization","@id":"http:\/\/anhidacoruna.com\/web\/#organization","name":"ANHIDACORU\u00d1A","url":"http:\/\/anhidacoruna.com\/web\/","logo":{"@type":"ImageObject","inLanguage":"es","@id":"http:\/\/anhidacoruna.com\/web\/#\/schema\/logo\/image\/","url":"https:\/\/anhidacoruna.com\/web\/wp-content\/uploads\/2015\/08\/logoanhida.jpg","contentUrl":"https:\/\/anhidacoruna.com\/web\/wp-content\/uploads\/2015\/08\/logoanhida.jpg","width":259,"height":132,"caption":"ANHIDACORU\u00d1A"},"image":{"@id":"http:\/\/anhidacoruna.com\/web\/#\/schema\/logo\/image\/"},"sameAs":["https:\/\/www.facebook.com\/anhidacoruna","https:\/\/x.com\/anhidacoruna"]},{"@type":"Person","@id":"http:\/\/anhidacoruna.com\/web\/#\/schema\/person\/68a2f27f24bd4c31f8bf9ea691e31771","name":"Juan Ramos","url":"http:\/\/anhidacoruna.com\/web\/author\/juan\/"}]}},"_links":{"self":[{"href":"http:\/\/anhidacoruna.com\/web\/wp-json\/wp\/v2\/posts\/1599","targetHints":{"allow":["GET"]}}],"collection":[{"href":"http:\/\/anhidacoruna.com\/web\/wp-json\/wp\/v2\/posts"}],"about":[{"href":"http:\/\/anhidacoruna.com\/web\/wp-json\/wp\/v2\/types\/post"}],"author":[{"embeddable":true,"href":"http:\/\/anhidacoruna.com\/web\/wp-json\/wp\/v2\/users\/2"}],"replies":[{"embeddable":true,"href":"http:\/\/anhidacoruna.com\/web\/wp-json\/wp\/v2\/comments?post=1599"}],"version-history":[{"count":1,"href":"http:\/\/anhidacoruna.com\/web\/wp-json\/wp\/v2\/posts\/1599\/revisions"}],"predecessor-version":[{"id":1601,"href":"http:\/\/anhidacoruna.com\/web\/wp-json\/wp\/v2\/posts\/1599\/revisions\/1601"}],"wp:featuredmedia":[{"embeddable":true,"href":"http:\/\/anhidacoruna.com\/web\/wp-json\/wp\/v2\/media\/1600"}],"wp:attachment":[{"href":"http:\/\/anhidacoruna.com\/web\/wp-json\/wp\/v2\/media?parent=1599"}],"wp:term":[{"taxonomy":"category","embeddable":true,"href":"http:\/\/anhidacoruna.com\/web\/wp-json\/wp\/v2\/categories?post=1599"},{"taxonomy":"post_tag","embeddable":true,"href":"http:\/\/anhidacoruna.com\/web\/wp-json\/wp\/v2\/tags?post=1599"}],"curies":[{"name":"wp","href":"https:\/\/api.w.org\/{rel}","templated":true}]}}