{"id":1180,"date":"2020-03-19T12:04:52","date_gmt":"2020-03-19T12:04:52","guid":{"rendered":"http:\/\/anhidacoruna.com\/web\/?p=1180"},"modified":"2020-03-19T12:04:52","modified_gmt":"2020-03-19T12:04:52","slug":"abanico-de-emociones-culpable-coronavirus","status":"publish","type":"post","link":"http:\/\/anhidacoruna.com\/web\/abanico-de-emociones-culpable-coronavirus\/","title":{"rendered":"Abanico de emociones: culpable coronavirus"},"content":{"rendered":"<p style=\"text-align: justify;\">Una madre de <strong>ANHIDACORU\u00d1A<\/strong> nos hace llegar esta carta a modo de reflexi\u00f3n sobre la situaci\u00f3n que estamos viviendo. Creemos que es una buena idea abrirla al mundo y compartirla, por favor, si alguien quiere darle r\u00e9plica o mostrar su punto de vista sobre estos tiempos que corren pueden hacerlo enviando un\u00a0correo electr\u00f3nico a\u00a0 la direcci\u00f3n actividades@anhidacoruna.com<\/p>\n<h3 style=\"text-align: justify;\">Abanico de emociones: culpable, coronavirus<\/h3>\n<p style=\"text-align: justify;\">Pandemia en todos los pa\u00edses del Mundo, en cada regi\u00f3n de cada pa\u00eds, en todos los pueblecitos de cada comarca, nos causa a todos sentimientos de rabia, impotencia, enfado, ira, desasosiego y por supuesto miedo a que nuestros seres queridos contraigan este Coronavirus que est\u00e1 destruyendo a muchas familias.<\/p>\n<p style=\"text-align: justify;\">Pero mi carta no quiero enfocarla a toda esa parte negativa y destructiva que vemos a diario en los medios de comunicaci\u00f3n todos los que estamos verdaderamente confinados en casa porque somos responsables y sabemos que es la \u00fanica forma de no poner en peligro la gente que m\u00e1s queremos, nuestros vecinos, nuestros amigos, compa\u00f1eros\u2026. y ayudar a todas esas personas que est\u00e1n dando su vida por ayudarnos y que no valdr\u00eda de nada si no nos tom\u00e1ramos en serio lo poco que nos piden<strong> \u201cQUEDATE EN CASA\u201d<\/strong><\/p>\n<p style=\"text-align: justify;\">Desde mis pensamientos m\u00e1s simples me pregunto<\/p>\n<blockquote>\n<p style=\"text-align: justify;\"><strong>por qu\u00e9 supone un gran esfuerzo para tanta gente estar conviviendo todo el d\u00eda con tus hijos, con tus padres, con tu pareja. <\/strong><\/p>\n<\/blockquote>\n<p style=\"text-align: justify;\">Creo que algo no funcionaba bien en esta sociedad de las prisas y deshumanizada, y el virus nos ha parado y <strong>nos est\u00e1 pidiendo que reflexionemos sobre qu\u00e9 significado que tiene nuestra vida<\/strong> si no agradecemos este tiempo en familia e intentamos enriquecernos de sentimientos y de emociones de compartir tanto tiempo juntos.<\/p>\n<p style=\"text-align: justify;\"><strong>COVID-19<\/strong>, aunque sea la \u00fanica, yo te doy las gracias por mostrarnos los d\u00e9biles que somos, por forzarnos a disfrutar de nuestra familia y nos tener que arrepentimos de que los ni\u00f1os crecen y no los vimos creer; de que nuestros mayores se van y no hemos estado suficiente tiempo con ellos, de que perdemos amigos que queremos, por no tener tiempo a hablar con ellos.<\/p>\n<p style=\"text-align: justify;\"><a href=\"http:\/\/anhidacoruna.com\/web\/wp-content\/uploads\/2020\/03\/covid-19-4922384_640.jpg\"><img loading=\"lazy\" decoding=\"async\" class=\"aligncenter size-full wp-image-1181\" src=\"http:\/\/anhidacoruna.com\/web\/wp-content\/uploads\/2020\/03\/covid-19-4922384_640.jpg\" alt=\"covid-19-4922384_640\" width=\"640\" height=\"480\" srcset=\"http:\/\/anhidacoruna.com\/web\/wp-content\/uploads\/2020\/03\/covid-19-4922384_640.jpg 640w, http:\/\/anhidacoruna.com\/web\/wp-content\/uploads\/2020\/03\/covid-19-4922384_640-300x225.jpg 300w\" sizes=\"auto, (max-width: 640px) 100vw, 640px\" \/><\/a><\/p>\n<p style=\"text-align: justify;\">\n<p style=\"text-align: justify;\">Mis sentimientos son de agradecimiento a esa sociedad que de tanto correr no nos fijamos en lo importante que es cada una de esas personas que nos est\u00e1n cuidando tanto y poni\u00e9ndose en peligro para ayudarnos a sobrevivir a esta pandemia. Mi gran aplauso no s\u00f3lo para esos sanitarios que exponen su vida en hospitales sino tambi\u00e9n para esos polic\u00edas y ejercito que intentan hacernos entender la situaci\u00f3n, para ese personal de limpieza que se exponen para mantener una limpieza y desinfecci\u00f3n, para ese personal de supermercado. farmacias y dem\u00e1s profesionales que atienden al p\u00fablico y que se exponen d\u00eda a d\u00eda para que continuemos con suministros y abastecimiento y no nos falte de nada. Y a cambio que se nos pide <strong>\u201cQUEDATE EN TU CASA\u201d. <\/strong><\/p>\n<p style=\"text-align: justify;\">De verdad, mis sentimientos en estos momentos dif\u00edciles para todos son de gratitud, optimismo, solidaridad, empat\u00eda, admiraci\u00f3n, satisfacci\u00f3n \u2026..<\/p>\n<p style=\"text-align: justify;\"><strong>Antes de esta vida tan ajetreada que llevamos<\/strong> en esta \u00faltima d\u00e9cada, las familias viv\u00edan juntas con sus hijos, con sus abuelos en espacios muy peque\u00f1os y sin grandes lujos, ni tecnolog\u00edas y seg\u00fan me han contado mis abuelos siempre, hab\u00eda un cari\u00f1o muy especial que se demostraba en el d\u00eda a d\u00eda.<strong> Ahora, no tenemos tiempo<\/strong> a cuidar de nuestros mayores, de nuestros hijos, de nuestra sociedad en la que hay personas que no se sienten incluidas porque tendemos a apartar al diferente.<\/p>\n<h3 style=\"text-align: justify;\">Reflexionemos por favor y busquemos el lado positivo de este confinamiento<\/h3>\n<p style=\"text-align: justify;\">Pidiendo perd\u00f3n por mis sentimientos a las familias que tienen seres queridos que han muerto y a las que su situaci\u00f3n laboral se ha complicado por el coronavirus, agradezco much\u00edsimo este frenazo en seco de la sociedad. Gracias por ayudarnos a ver la realidad de nuestras vidas y lo poco importante que es lo que est\u00e1 ah\u00ed fuera sino sabemos vivir en familia.<\/p>\n<blockquote>\n<p style=\"text-align: justify;\"><strong>Un fuerte abrazo para todas las familias que entienden que \u201cQUEDARSE EN CASA \u201cno es un sacrificio. <\/strong><\/p>\n<\/blockquote>\n","protected":false},"excerpt":{"rendered":"<p>Una madre de ANHIDACORU\u00d1A nos hace llegar esta carta a modo de reflexi\u00f3n sobre la situaci\u00f3n que estamos viviendo. Creemos que es una buena idea abrirla al mundo y compartirla, por favor, si alguien quiere darle r\u00e9plica o mostrar su punto de vista sobre estos tiempos que corren pueden hacerlo enviando un\u00a0correo electr\u00f3nico a\u00a0 la [&hellip;]<\/p>\n","protected":false},"author":2,"featured_media":1181,"comment_status":"closed","ping_status":"closed","sticky":false,"template":"","format":"standard","meta":{"footnotes":""},"categories":[3],"tags":[92,4,18],"class_list":["post-1180","post","type-post","status-publish","format-standard","has-post-thumbnail","hentry","category-noticias","tag-coronavirus","tag-noticias","tag-tdah"],"yoast_head":"<!-- This site is optimized with the Yoast SEO plugin v26.3 - https:\/\/yoast.com\/wordpress\/plugins\/seo\/ -->\n<title>Abanico de emociones: culpable coronavirus - ANHIDACORU\u00d1A<\/title>\n<meta name=\"robots\" content=\"index, follow, max-snippet:-1, max-image-preview:large, max-video-preview:-1\" \/>\n<link rel=\"canonical\" href=\"https:\/\/anhidacoruna.com\/web\/abanico-de-emociones-culpable-coronavirus\/\" \/>\n<meta property=\"og:locale\" content=\"es_ES\" \/>\n<meta property=\"og:type\" content=\"article\" \/>\n<meta property=\"og:title\" content=\"Abanico de emociones: culpable coronavirus - ANHIDACORU\u00d1A\" \/>\n<meta property=\"og:description\" content=\"Una madre de ANHIDACORU\u00d1A nos hace llegar esta carta a modo de reflexi\u00f3n sobre la situaci\u00f3n que estamos viviendo. Creemos que es una buena idea abrirla al mundo y compartirla, por favor, si alguien quiere darle r\u00e9plica o mostrar su punto de vista sobre estos tiempos que corren pueden hacerlo enviando un\u00a0correo electr\u00f3nico a\u00a0 la [&hellip;]\" \/>\n<meta property=\"og:url\" content=\"https:\/\/anhidacoruna.com\/web\/abanico-de-emociones-culpable-coronavirus\/\" \/>\n<meta property=\"og:site_name\" content=\"ANHIDACORU\u00d1A\" \/>\n<meta property=\"article:publisher\" content=\"https:\/\/www.facebook.com\/anhidacoruna\" \/>\n<meta property=\"article:published_time\" content=\"2020-03-19T12:04:52+00:00\" \/>\n<meta property=\"og:image\" content=\"https:\/\/anhidacoruna.com\/web\/wp-content\/uploads\/2020\/03\/covid-19-4922384_640.jpg\" \/>\n\t<meta property=\"og:image:width\" content=\"640\" \/>\n\t<meta property=\"og:image:height\" content=\"480\" \/>\n\t<meta property=\"og:image:type\" content=\"image\/jpeg\" \/>\n<meta name=\"author\" content=\"Juan Ramos\" \/>\n<meta name=\"twitter:card\" content=\"summary_large_image\" \/>\n<meta name=\"twitter:creator\" content=\"@anhidacoruna\" \/>\n<meta name=\"twitter:site\" content=\"@anhidacoruna\" \/>\n<meta name=\"twitter:label1\" content=\"Escrito por\" \/>\n\t<meta name=\"twitter:data1\" content=\"Juan Ramos\" \/>\n\t<meta name=\"twitter:label2\" content=\"Tiempo de lectura\" \/>\n\t<meta name=\"twitter:data2\" content=\"4 minutos\" \/>\n<script type=\"application\/ld+json\" class=\"yoast-schema-graph\">{\"@context\":\"https:\/\/schema.org\",\"@graph\":[{\"@type\":\"Article\",\"@id\":\"https:\/\/anhidacoruna.com\/web\/abanico-de-emociones-culpable-coronavirus\/#article\",\"isPartOf\":{\"@id\":\"https:\/\/anhidacoruna.com\/web\/abanico-de-emociones-culpable-coronavirus\/\"},\"author\":{\"name\":\"Juan Ramos\",\"@id\":\"http:\/\/anhidacoruna.com\/web\/#\/schema\/person\/68a2f27f24bd4c31f8bf9ea691e31771\"},\"headline\":\"Abanico de emociones: culpable coronavirus\",\"datePublished\":\"2020-03-19T12:04:52+00:00\",\"mainEntityOfPage\":{\"@id\":\"https:\/\/anhidacoruna.com\/web\/abanico-de-emociones-culpable-coronavirus\/\"},\"wordCount\":721,\"publisher\":{\"@id\":\"http:\/\/anhidacoruna.com\/web\/#organization\"},\"image\":{\"@id\":\"https:\/\/anhidacoruna.com\/web\/abanico-de-emociones-culpable-coronavirus\/#primaryimage\"},\"thumbnailUrl\":\"http:\/\/anhidacoruna.com\/web\/wp-content\/uploads\/2020\/03\/covid-19-4922384_640.jpg\",\"keywords\":[\"coronavirus\",\"noticias\",\"tdah\"],\"articleSection\":[\"Noticias\"],\"inLanguage\":\"es\"},{\"@type\":\"WebPage\",\"@id\":\"https:\/\/anhidacoruna.com\/web\/abanico-de-emociones-culpable-coronavirus\/\",\"url\":\"https:\/\/anhidacoruna.com\/web\/abanico-de-emociones-culpable-coronavirus\/\",\"name\":\"Abanico de emociones: culpable coronavirus - ANHIDACORU\u00d1A\",\"isPartOf\":{\"@id\":\"http:\/\/anhidacoruna.com\/web\/#website\"},\"primaryImageOfPage\":{\"@id\":\"https:\/\/anhidacoruna.com\/web\/abanico-de-emociones-culpable-coronavirus\/#primaryimage\"},\"image\":{\"@id\":\"https:\/\/anhidacoruna.com\/web\/abanico-de-emociones-culpable-coronavirus\/#primaryimage\"},\"thumbnailUrl\":\"http:\/\/anhidacoruna.com\/web\/wp-content\/uploads\/2020\/03\/covid-19-4922384_640.jpg\",\"datePublished\":\"2020-03-19T12:04:52+00:00\",\"breadcrumb\":{\"@id\":\"https:\/\/anhidacoruna.com\/web\/abanico-de-emociones-culpable-coronavirus\/#breadcrumb\"},\"inLanguage\":\"es\",\"potentialAction\":[{\"@type\":\"ReadAction\",\"target\":[\"https:\/\/anhidacoruna.com\/web\/abanico-de-emociones-culpable-coronavirus\/\"]}]},{\"@type\":\"ImageObject\",\"inLanguage\":\"es\",\"@id\":\"https:\/\/anhidacoruna.com\/web\/abanico-de-emociones-culpable-coronavirus\/#primaryimage\",\"url\":\"http:\/\/anhidacoruna.com\/web\/wp-content\/uploads\/2020\/03\/covid-19-4922384_640.jpg\",\"contentUrl\":\"http:\/\/anhidacoruna.com\/web\/wp-content\/uploads\/2020\/03\/covid-19-4922384_640.jpg\",\"width\":640,\"height\":480},{\"@type\":\"BreadcrumbList\",\"@id\":\"https:\/\/anhidacoruna.com\/web\/abanico-de-emociones-culpable-coronavirus\/#breadcrumb\",\"itemListElement\":[{\"@type\":\"ListItem\",\"position\":1,\"name\":\"Portada\",\"item\":\"http:\/\/anhidacoruna.com\/web\/\"},{\"@type\":\"ListItem\",\"position\":2,\"name\":\"Abanico de emociones: culpable coronavirus\"}]},{\"@type\":\"WebSite\",\"@id\":\"http:\/\/anhidacoruna.com\/web\/#website\",\"url\":\"http:\/\/anhidacoruna.com\/web\/\",\"name\":\"ANHIDACORU\u00d1A\",\"description\":\"\",\"publisher\":{\"@id\":\"http:\/\/anhidacoruna.com\/web\/#organization\"},\"potentialAction\":[{\"@type\":\"SearchAction\",\"target\":{\"@type\":\"EntryPoint\",\"urlTemplate\":\"http:\/\/anhidacoruna.com\/web\/?s={search_term_string}\"},\"query-input\":{\"@type\":\"PropertyValueSpecification\",\"valueRequired\":true,\"valueName\":\"search_term_string\"}}],\"inLanguage\":\"es\"},{\"@type\":\"Organization\",\"@id\":\"http:\/\/anhidacoruna.com\/web\/#organization\",\"name\":\"ANHIDACORU\u00d1A\",\"url\":\"http:\/\/anhidacoruna.com\/web\/\",\"logo\":{\"@type\":\"ImageObject\",\"inLanguage\":\"es\",\"@id\":\"http:\/\/anhidacoruna.com\/web\/#\/schema\/logo\/image\/\",\"url\":\"https:\/\/anhidacoruna.com\/web\/wp-content\/uploads\/2015\/08\/logoanhida.jpg\",\"contentUrl\":\"https:\/\/anhidacoruna.com\/web\/wp-content\/uploads\/2015\/08\/logoanhida.jpg\",\"width\":259,\"height\":132,\"caption\":\"ANHIDACORU\u00d1A\"},\"image\":{\"@id\":\"http:\/\/anhidacoruna.com\/web\/#\/schema\/logo\/image\/\"},\"sameAs\":[\"https:\/\/www.facebook.com\/anhidacoruna\",\"https:\/\/x.com\/anhidacoruna\"]},{\"@type\":\"Person\",\"@id\":\"http:\/\/anhidacoruna.com\/web\/#\/schema\/person\/68a2f27f24bd4c31f8bf9ea691e31771\",\"name\":\"Juan Ramos\",\"url\":\"http:\/\/anhidacoruna.com\/web\/author\/juan\/\"}]}<\/script>\n<!-- \/ Yoast SEO plugin. -->","yoast_head_json":{"title":"Abanico de emociones: culpable coronavirus - ANHIDACORU\u00d1A","robots":{"index":"index","follow":"follow","max-snippet":"max-snippet:-1","max-image-preview":"max-image-preview:large","max-video-preview":"max-video-preview:-1"},"canonical":"https:\/\/anhidacoruna.com\/web\/abanico-de-emociones-culpable-coronavirus\/","og_locale":"es_ES","og_type":"article","og_title":"Abanico de emociones: culpable coronavirus - ANHIDACORU\u00d1A","og_description":"Una madre de ANHIDACORU\u00d1A nos hace llegar esta carta a modo de reflexi\u00f3n sobre la situaci\u00f3n que estamos viviendo. Creemos que es una buena idea abrirla al mundo y compartirla, por favor, si alguien quiere darle r\u00e9plica o mostrar su punto de vista sobre estos tiempos que corren pueden hacerlo enviando un\u00a0correo electr\u00f3nico a\u00a0 la [&hellip;]","og_url":"https:\/\/anhidacoruna.com\/web\/abanico-de-emociones-culpable-coronavirus\/","og_site_name":"ANHIDACORU\u00d1A","article_publisher":"https:\/\/www.facebook.com\/anhidacoruna","article_published_time":"2020-03-19T12:04:52+00:00","og_image":[{"width":640,"height":480,"url":"https:\/\/anhidacoruna.com\/web\/wp-content\/uploads\/2020\/03\/covid-19-4922384_640.jpg","type":"image\/jpeg"}],"author":"Juan Ramos","twitter_card":"summary_large_image","twitter_creator":"@anhidacoruna","twitter_site":"@anhidacoruna","twitter_misc":{"Escrito por":"Juan Ramos","Tiempo de lectura":"4 minutos"},"schema":{"@context":"https:\/\/schema.org","@graph":[{"@type":"Article","@id":"https:\/\/anhidacoruna.com\/web\/abanico-de-emociones-culpable-coronavirus\/#article","isPartOf":{"@id":"https:\/\/anhidacoruna.com\/web\/abanico-de-emociones-culpable-coronavirus\/"},"author":{"name":"Juan Ramos","@id":"http:\/\/anhidacoruna.com\/web\/#\/schema\/person\/68a2f27f24bd4c31f8bf9ea691e31771"},"headline":"Abanico de emociones: culpable coronavirus","datePublished":"2020-03-19T12:04:52+00:00","mainEntityOfPage":{"@id":"https:\/\/anhidacoruna.com\/web\/abanico-de-emociones-culpable-coronavirus\/"},"wordCount":721,"publisher":{"@id":"http:\/\/anhidacoruna.com\/web\/#organization"},"image":{"@id":"https:\/\/anhidacoruna.com\/web\/abanico-de-emociones-culpable-coronavirus\/#primaryimage"},"thumbnailUrl":"http:\/\/anhidacoruna.com\/web\/wp-content\/uploads\/2020\/03\/covid-19-4922384_640.jpg","keywords":["coronavirus","noticias","tdah"],"articleSection":["Noticias"],"inLanguage":"es"},{"@type":"WebPage","@id":"https:\/\/anhidacoruna.com\/web\/abanico-de-emociones-culpable-coronavirus\/","url":"https:\/\/anhidacoruna.com\/web\/abanico-de-emociones-culpable-coronavirus\/","name":"Abanico de emociones: culpable coronavirus - ANHIDACORU\u00d1A","isPartOf":{"@id":"http:\/\/anhidacoruna.com\/web\/#website"},"primaryImageOfPage":{"@id":"https:\/\/anhidacoruna.com\/web\/abanico-de-emociones-culpable-coronavirus\/#primaryimage"},"image":{"@id":"https:\/\/anhidacoruna.com\/web\/abanico-de-emociones-culpable-coronavirus\/#primaryimage"},"thumbnailUrl":"http:\/\/anhidacoruna.com\/web\/wp-content\/uploads\/2020\/03\/covid-19-4922384_640.jpg","datePublished":"2020-03-19T12:04:52+00:00","breadcrumb":{"@id":"https:\/\/anhidacoruna.com\/web\/abanico-de-emociones-culpable-coronavirus\/#breadcrumb"},"inLanguage":"es","potentialAction":[{"@type":"ReadAction","target":["https:\/\/anhidacoruna.com\/web\/abanico-de-emociones-culpable-coronavirus\/"]}]},{"@type":"ImageObject","inLanguage":"es","@id":"https:\/\/anhidacoruna.com\/web\/abanico-de-emociones-culpable-coronavirus\/#primaryimage","url":"http:\/\/anhidacoruna.com\/web\/wp-content\/uploads\/2020\/03\/covid-19-4922384_640.jpg","contentUrl":"http:\/\/anhidacoruna.com\/web\/wp-content\/uploads\/2020\/03\/covid-19-4922384_640.jpg","width":640,"height":480},{"@type":"BreadcrumbList","@id":"https:\/\/anhidacoruna.com\/web\/abanico-de-emociones-culpable-coronavirus\/#breadcrumb","itemListElement":[{"@type":"ListItem","position":1,"name":"Portada","item":"http:\/\/anhidacoruna.com\/web\/"},{"@type":"ListItem","position":2,"name":"Abanico de emociones: culpable coronavirus"}]},{"@type":"WebSite","@id":"http:\/\/anhidacoruna.com\/web\/#website","url":"http:\/\/anhidacoruna.com\/web\/","name":"ANHIDACORU\u00d1A","description":"","publisher":{"@id":"http:\/\/anhidacoruna.com\/web\/#organization"},"potentialAction":[{"@type":"SearchAction","target":{"@type":"EntryPoint","urlTemplate":"http:\/\/anhidacoruna.com\/web\/?s={search_term_string}"},"query-input":{"@type":"PropertyValueSpecification","valueRequired":true,"valueName":"search_term_string"}}],"inLanguage":"es"},{"@type":"Organization","@id":"http:\/\/anhidacoruna.com\/web\/#organization","name":"ANHIDACORU\u00d1A","url":"http:\/\/anhidacoruna.com\/web\/","logo":{"@type":"ImageObject","inLanguage":"es","@id":"http:\/\/anhidacoruna.com\/web\/#\/schema\/logo\/image\/","url":"https:\/\/anhidacoruna.com\/web\/wp-content\/uploads\/2015\/08\/logoanhida.jpg","contentUrl":"https:\/\/anhidacoruna.com\/web\/wp-content\/uploads\/2015\/08\/logoanhida.jpg","width":259,"height":132,"caption":"ANHIDACORU\u00d1A"},"image":{"@id":"http:\/\/anhidacoruna.com\/web\/#\/schema\/logo\/image\/"},"sameAs":["https:\/\/www.facebook.com\/anhidacoruna","https:\/\/x.com\/anhidacoruna"]},{"@type":"Person","@id":"http:\/\/anhidacoruna.com\/web\/#\/schema\/person\/68a2f27f24bd4c31f8bf9ea691e31771","name":"Juan Ramos","url":"http:\/\/anhidacoruna.com\/web\/author\/juan\/"}]}},"_links":{"self":[{"href":"http:\/\/anhidacoruna.com\/web\/wp-json\/wp\/v2\/posts\/1180","targetHints":{"allow":["GET"]}}],"collection":[{"href":"http:\/\/anhidacoruna.com\/web\/wp-json\/wp\/v2\/posts"}],"about":[{"href":"http:\/\/anhidacoruna.com\/web\/wp-json\/wp\/v2\/types\/post"}],"author":[{"embeddable":true,"href":"http:\/\/anhidacoruna.com\/web\/wp-json\/wp\/v2\/users\/2"}],"replies":[{"embeddable":true,"href":"http:\/\/anhidacoruna.com\/web\/wp-json\/wp\/v2\/comments?post=1180"}],"version-history":[{"count":1,"href":"http:\/\/anhidacoruna.com\/web\/wp-json\/wp\/v2\/posts\/1180\/revisions"}],"predecessor-version":[{"id":1182,"href":"http:\/\/anhidacoruna.com\/web\/wp-json\/wp\/v2\/posts\/1180\/revisions\/1182"}],"wp:featuredmedia":[{"embeddable":true,"href":"http:\/\/anhidacoruna.com\/web\/wp-json\/wp\/v2\/media\/1181"}],"wp:attachment":[{"href":"http:\/\/anhidacoruna.com\/web\/wp-json\/wp\/v2\/media?parent=1180"}],"wp:term":[{"taxonomy":"category","embeddable":true,"href":"http:\/\/anhidacoruna.com\/web\/wp-json\/wp\/v2\/categories?post=1180"},{"taxonomy":"post_tag","embeddable":true,"href":"http:\/\/anhidacoruna.com\/web\/wp-json\/wp\/v2\/tags?post=1180"}],"curies":[{"name":"wp","href":"https:\/\/api.w.org\/{rel}","templated":true}]}}