{"id":1105,"date":"2019-10-28T16:03:22","date_gmt":"2019-10-28T16:03:22","guid":{"rendered":"http:\/\/anhidacoruna.com\/web\/?p=1105"},"modified":"2019-10-29T09:11:11","modified_gmt":"2019-10-29T09:11:11","slug":"inscripciones-nueva-escuela-de-padres","status":"publish","type":"post","link":"http:\/\/anhidacoruna.com\/web\/inscripciones-nueva-escuela-de-padres\/","title":{"rendered":"Inscripciones nueva escuela de padres"},"content":{"rendered":"<p style=\"text-align: justify;\">En este curso escolar 19-20, debido al gran n\u00famero de nuevos asociados que llegan con necesidad de recibir una formaci\u00f3n\u00a0psicoeducativa\u00a0sobre TDAH,\u00a0hemos decidido modificar la modalidad de nuestra escuela de padres.<\/p>\n<p><img loading=\"lazy\" decoding=\"async\" class=\"aligncenter size-large wp-image-1106\" src=\"http:\/\/anhidacoruna.com\/web\/wp-content\/uploads\/2019\/10\/ESCUELA-DE-PADRES-1-724x1024.jpg\" alt=\"ESCUELA DE PADRES (1)\" width=\"610\" height=\"863\" srcset=\"http:\/\/anhidacoruna.com\/web\/wp-content\/uploads\/2019\/10\/ESCUELA-DE-PADRES-1-724x1024.jpg 724w, http:\/\/anhidacoruna.com\/web\/wp-content\/uploads\/2019\/10\/ESCUELA-DE-PADRES-1-212x300.jpg 212w, http:\/\/anhidacoruna.com\/web\/wp-content\/uploads\/2019\/10\/ESCUELA-DE-PADRES-1.jpg 794w\" sizes=\"auto, (max-width: 610px) 100vw, 610px\" \/><\/p>\n<p style=\"text-align: justify;\">En este curso\u00a0se comenzar\u00e1 con un<strong> bloque de 6 conferencias de hora y media<\/strong> que resultan imprescindibles para contextualizar el trastorno y las dificultades que este acarrea en el d\u00eda a d\u00eda, tanto en casa como en el colegio, e incluso en la socializaci\u00f3n con sus iguales.<\/p>\n<p style=\"text-align: justify;\">El ciclo de conferencias comenzar\u00e1 el viernes 8 de noviembre a las 20:00 y ser\u00e1 impartida por Bel\u00e9n Manzano y Juan Ramos baj\u00f3 el t\u00edtulo<strong> &#8220;20 cosas imprescindibles que debes saber sobre el TDAH&#8221;<\/strong>, dicha conferencia que tiene una duraci\u00f3n total de 3 horas, se dividir\u00e1 en dos sesiones, siendo la primera el 8 de Noviembre y la segunda el 15 de Noviembre.<\/p>\n<p><strong>En la siguiente tabla queda reflejada la planificaci\u00f3n de todas estas conferencias<\/strong><\/p>\n<table>\n<tbody>\n<tr>\n<td width=\"140\"><strong>08\/11\/2019<\/strong><\/td>\n<td width=\"289\">20 cosas que debes saber sobre el TDAH<\/td>\n<td width=\"214\">Bel\u00e9n Manzano y Juan Ramos<\/td>\n<\/tr>\n<tr>\n<td width=\"140\"><strong>15\/11\/2019<\/strong><\/td>\n<td width=\"289\">20 cosas que debes saber sobre el TDAH<\/td>\n<td width=\"214\">Bel\u00e9n Manzano y Juan Ramos<\/td>\n<\/tr>\n<tr>\n<td width=\"140\"><strong>22\/11\/2019<\/strong><\/td>\n<td width=\"289\">Comunicaci\u00f3n<\/td>\n<td width=\"214\">Lorena Pena y Ana C Diez<\/td>\n<\/tr>\n<tr>\n<td width=\"140\"><strong>29\/11\/2019<\/strong><\/td>\n<td width=\"289\">Habilidades sociales<\/td>\n<td width=\"214\">Lorena Pena y Ana C Diez<\/td>\n<\/tr>\n<tr>\n<td width=\"140\"><strong>13\/12\/2019<\/strong><\/td>\n<td width=\"289\">Regulaci\u00f3n emocional<\/td>\n<td width=\"214\">Juan Ramos y\u00a0 Alexandra Camba<\/td>\n<\/tr>\n<tr>\n<td width=\"140\"><strong>20\/12\/2019<\/strong><\/td>\n<td width=\"289\">Modificaci\u00f3n de conducta<\/td>\n<td width=\"214\">Juan Ramos y Alexandra Camba<\/td>\n<\/tr>\n<\/tbody>\n<\/table>\n<p style=\"text-align: justify;\">A la vuelta de las vacaciones de navidad comenzar\u00e1 el grupo pr\u00e1ctico de esta escuela de padres en el que se pondr\u00e1n en pr\u00e1ctica las herramientas adquiridas durante la formaci\u00f3n te\u00f3rica anterior.<\/p>\n<p style=\"text-align: justify;\">A este <strong>programa intensivo sobre TDAH<\/strong> podr\u00e1n acceder tanto<strong> socios como p\u00fablico en general<\/strong>, ya que recientemente ANHIDACORU\u00d1A ha <span style=\"color: #ff6600;\"><strong>sido reconocida como asociaci\u00f3n de utilidad p\u00fablica.<\/strong><\/span><\/p>\n<ul>\n<li style=\"text-align: justify;\">Para los <strong>socios de <\/strong>ANHIDACORU\u00d1A esta formaci\u00f3n intensiva ser\u00e1<strong> totalmente gratuita.<\/strong>\u00a0Recuerda hacer la preinscripci\u00f3n en el formulario de m\u00e1s abajo.<\/li>\n<li style=\"text-align: justify;\">Para aquellas <strong>personas no asociadas<\/strong>\u00a0que est\u00e9n interesadas en asistir\u00a0rogamos que se <strong>pongan en contacto con administraci\u00f3n en el 981 903 830<\/strong>, desde ah\u00ed se les informar\u00e1 de los pasos que deben seguir.<\/li>\n<\/ul>\n<p style=\"text-align: justify;\">Recuerda que si eres socio\/a <strong>es imprescindible realizar la preinscripci\u00f3n a trav\u00e9s del siguiente formulario<\/strong>, ya que en funci\u00f3n del n\u00famero de asistentes concretaremos el lugar de realizaci\u00f3n que podr\u00eda ser o bien el local de ANHIDACORU\u00d1A o bien en un local cedido por el Concello de Culleredo. A todos los inscritos se les avisar\u00e1 con tiempo sobre una u otra ubicaci\u00f3n.<\/p>\n<p><iframe loading=\"lazy\" src=\"https:\/\/docs.google.com\/forms\/d\/e\/1FAIpQLSdVpf8kdEioAtT8yu7aPyEii0VZtCZYw5vessn23fgGs81l0A\/viewform?embedded=true\" width=\"640\" height=\"809\" frameborder=\"0\" marginwidth=\"0\" marginheight=\"0\">Loading\u2026<\/iframe><\/p>\n","protected":false},"excerpt":{"rendered":"<p>En este curso escolar 19-20, debido al gran n\u00famero de nuevos asociados que llegan con necesidad de recibir una formaci\u00f3n\u00a0psicoeducativa\u00a0sobre TDAH,\u00a0hemos decidido modificar la modalidad de nuestra escuela de padres. En este curso\u00a0se comenzar\u00e1 con un bloque de 6 conferencias de hora y media que resultan imprescindibles para contextualizar el trastorno y las dificultades que [&hellip;]<\/p>\n","protected":false},"author":2,"featured_media":1106,"comment_status":"closed","ping_status":"closed","sticky":false,"template":"","format":"standard","meta":{"footnotes":""},"categories":[3],"tags":[80,17,61,18],"class_list":["post-1105","post","type-post","status-publish","format-standard","has-post-thumbnail","hentry","category-noticias","tag-escuela-de-padres","tag-formacion","tag-padres","tag-tdah"],"yoast_head":"<!-- This site is optimized with the Yoast SEO plugin v26.3 - https:\/\/yoast.com\/wordpress\/plugins\/seo\/ -->\n<title>Inscripciones nueva escuela de padres - ANHIDACORU\u00d1A<\/title>\n<meta name=\"robots\" content=\"index, follow, max-snippet:-1, max-image-preview:large, max-video-preview:-1\" \/>\n<link rel=\"canonical\" href=\"http:\/\/anhidacoruna.com\/web\/inscripciones-nueva-escuela-de-padres\/\" \/>\n<meta property=\"og:locale\" content=\"es_ES\" \/>\n<meta property=\"og:type\" content=\"article\" \/>\n<meta property=\"og:title\" content=\"Inscripciones nueva escuela de padres - ANHIDACORU\u00d1A\" \/>\n<meta property=\"og:description\" content=\"En este curso escolar 19-20, debido al gran n\u00famero de nuevos asociados que llegan con necesidad de recibir una formaci\u00f3n\u00a0psicoeducativa\u00a0sobre TDAH,\u00a0hemos decidido modificar la modalidad de nuestra escuela de padres. En este curso\u00a0se comenzar\u00e1 con un bloque de 6 conferencias de hora y media que resultan imprescindibles para contextualizar el trastorno y las dificultades que [&hellip;]\" \/>\n<meta property=\"og:url\" content=\"http:\/\/anhidacoruna.com\/web\/inscripciones-nueva-escuela-de-padres\/\" \/>\n<meta property=\"og:site_name\" content=\"ANHIDACORU\u00d1A\" \/>\n<meta property=\"article:publisher\" content=\"https:\/\/www.facebook.com\/anhidacoruna\" \/>\n<meta property=\"article:published_time\" content=\"2019-10-28T16:03:22+00:00\" \/>\n<meta property=\"article:modified_time\" content=\"2019-10-29T09:11:11+00:00\" \/>\n<meta property=\"og:image\" content=\"http:\/\/anhidacoruna.com\/web\/wp-content\/uploads\/2019\/10\/ESCUELA-DE-PADRES-1.jpg\" \/>\n\t<meta property=\"og:image:width\" content=\"794\" \/>\n\t<meta property=\"og:image:height\" content=\"1123\" \/>\n\t<meta property=\"og:image:type\" content=\"image\/jpeg\" \/>\n<meta name=\"author\" content=\"Juan Ramos\" \/>\n<meta name=\"twitter:card\" content=\"summary_large_image\" \/>\n<meta name=\"twitter:creator\" content=\"@anhidacoruna\" \/>\n<meta name=\"twitter:site\" content=\"@anhidacoruna\" \/>\n<meta name=\"twitter:label1\" content=\"Escrito por\" \/>\n\t<meta name=\"twitter:data1\" content=\"Juan Ramos\" \/>\n\t<meta name=\"twitter:label2\" content=\"Tiempo de lectura\" \/>\n\t<meta name=\"twitter:data2\" content=\"2 minutos\" \/>\n<script type=\"application\/ld+json\" class=\"yoast-schema-graph\">{\"@context\":\"https:\/\/schema.org\",\"@graph\":[{\"@type\":\"Article\",\"@id\":\"http:\/\/anhidacoruna.com\/web\/inscripciones-nueva-escuela-de-padres\/#article\",\"isPartOf\":{\"@id\":\"http:\/\/anhidacoruna.com\/web\/inscripciones-nueva-escuela-de-padres\/\"},\"author\":{\"name\":\"Juan Ramos\",\"@id\":\"http:\/\/anhidacoruna.com\/web\/#\/schema\/person\/68a2f27f24bd4c31f8bf9ea691e31771\"},\"headline\":\"Inscripciones nueva escuela de padres\",\"datePublished\":\"2019-10-28T16:03:22+00:00\",\"dateModified\":\"2019-10-29T09:11:11+00:00\",\"mainEntityOfPage\":{\"@id\":\"http:\/\/anhidacoruna.com\/web\/inscripciones-nueva-escuela-de-padres\/\"},\"wordCount\":420,\"publisher\":{\"@id\":\"http:\/\/anhidacoruna.com\/web\/#organization\"},\"image\":{\"@id\":\"http:\/\/anhidacoruna.com\/web\/inscripciones-nueva-escuela-de-padres\/#primaryimage\"},\"thumbnailUrl\":\"http:\/\/anhidacoruna.com\/web\/wp-content\/uploads\/2019\/10\/ESCUELA-DE-PADRES-1.jpg\",\"keywords\":[\"escuela de padres\",\"formaci\u00f3n\",\"padres\",\"tdah\"],\"articleSection\":[\"Noticias\"],\"inLanguage\":\"es\"},{\"@type\":\"WebPage\",\"@id\":\"http:\/\/anhidacoruna.com\/web\/inscripciones-nueva-escuela-de-padres\/\",\"url\":\"http:\/\/anhidacoruna.com\/web\/inscripciones-nueva-escuela-de-padres\/\",\"name\":\"Inscripciones nueva escuela de padres - ANHIDACORU\u00d1A\",\"isPartOf\":{\"@id\":\"http:\/\/anhidacoruna.com\/web\/#website\"},\"primaryImageOfPage\":{\"@id\":\"http:\/\/anhidacoruna.com\/web\/inscripciones-nueva-escuela-de-padres\/#primaryimage\"},\"image\":{\"@id\":\"http:\/\/anhidacoruna.com\/web\/inscripciones-nueva-escuela-de-padres\/#primaryimage\"},\"thumbnailUrl\":\"http:\/\/anhidacoruna.com\/web\/wp-content\/uploads\/2019\/10\/ESCUELA-DE-PADRES-1.jpg\",\"datePublished\":\"2019-10-28T16:03:22+00:00\",\"dateModified\":\"2019-10-29T09:11:11+00:00\",\"breadcrumb\":{\"@id\":\"http:\/\/anhidacoruna.com\/web\/inscripciones-nueva-escuela-de-padres\/#breadcrumb\"},\"inLanguage\":\"es\",\"potentialAction\":[{\"@type\":\"ReadAction\",\"target\":[\"http:\/\/anhidacoruna.com\/web\/inscripciones-nueva-escuela-de-padres\/\"]}]},{\"@type\":\"ImageObject\",\"inLanguage\":\"es\",\"@id\":\"http:\/\/anhidacoruna.com\/web\/inscripciones-nueva-escuela-de-padres\/#primaryimage\",\"url\":\"http:\/\/anhidacoruna.com\/web\/wp-content\/uploads\/2019\/10\/ESCUELA-DE-PADRES-1.jpg\",\"contentUrl\":\"http:\/\/anhidacoruna.com\/web\/wp-content\/uploads\/2019\/10\/ESCUELA-DE-PADRES-1.jpg\",\"width\":794,\"height\":1123},{\"@type\":\"BreadcrumbList\",\"@id\":\"http:\/\/anhidacoruna.com\/web\/inscripciones-nueva-escuela-de-padres\/#breadcrumb\",\"itemListElement\":[{\"@type\":\"ListItem\",\"position\":1,\"name\":\"Portada\",\"item\":\"http:\/\/anhidacoruna.com\/web\/\"},{\"@type\":\"ListItem\",\"position\":2,\"name\":\"Inscripciones nueva escuela de padres\"}]},{\"@type\":\"WebSite\",\"@id\":\"http:\/\/anhidacoruna.com\/web\/#website\",\"url\":\"http:\/\/anhidacoruna.com\/web\/\",\"name\":\"ANHIDACORU\u00d1A\",\"description\":\"\",\"publisher\":{\"@id\":\"http:\/\/anhidacoruna.com\/web\/#organization\"},\"potentialAction\":[{\"@type\":\"SearchAction\",\"target\":{\"@type\":\"EntryPoint\",\"urlTemplate\":\"http:\/\/anhidacoruna.com\/web\/?s={search_term_string}\"},\"query-input\":{\"@type\":\"PropertyValueSpecification\",\"valueRequired\":true,\"valueName\":\"search_term_string\"}}],\"inLanguage\":\"es\"},{\"@type\":\"Organization\",\"@id\":\"http:\/\/anhidacoruna.com\/web\/#organization\",\"name\":\"ANHIDACORU\u00d1A\",\"url\":\"http:\/\/anhidacoruna.com\/web\/\",\"logo\":{\"@type\":\"ImageObject\",\"inLanguage\":\"es\",\"@id\":\"http:\/\/anhidacoruna.com\/web\/#\/schema\/logo\/image\/\",\"url\":\"https:\/\/anhidacoruna.com\/web\/wp-content\/uploads\/2015\/08\/logoanhida.jpg\",\"contentUrl\":\"https:\/\/anhidacoruna.com\/web\/wp-content\/uploads\/2015\/08\/logoanhida.jpg\",\"width\":259,\"height\":132,\"caption\":\"ANHIDACORU\u00d1A\"},\"image\":{\"@id\":\"http:\/\/anhidacoruna.com\/web\/#\/schema\/logo\/image\/\"},\"sameAs\":[\"https:\/\/www.facebook.com\/anhidacoruna\",\"https:\/\/x.com\/anhidacoruna\"]},{\"@type\":\"Person\",\"@id\":\"http:\/\/anhidacoruna.com\/web\/#\/schema\/person\/68a2f27f24bd4c31f8bf9ea691e31771\",\"name\":\"Juan Ramos\",\"url\":\"http:\/\/anhidacoruna.com\/web\/author\/juan\/\"}]}<\/script>\n<!-- \/ Yoast SEO plugin. -->","yoast_head_json":{"title":"Inscripciones nueva escuela de padres - ANHIDACORU\u00d1A","robots":{"index":"index","follow":"follow","max-snippet":"max-snippet:-1","max-image-preview":"max-image-preview:large","max-video-preview":"max-video-preview:-1"},"canonical":"http:\/\/anhidacoruna.com\/web\/inscripciones-nueva-escuela-de-padres\/","og_locale":"es_ES","og_type":"article","og_title":"Inscripciones nueva escuela de padres - ANHIDACORU\u00d1A","og_description":"En este curso escolar 19-20, debido al gran n\u00famero de nuevos asociados que llegan con necesidad de recibir una formaci\u00f3n\u00a0psicoeducativa\u00a0sobre TDAH,\u00a0hemos decidido modificar la modalidad de nuestra escuela de padres. En este curso\u00a0se comenzar\u00e1 con un bloque de 6 conferencias de hora y media que resultan imprescindibles para contextualizar el trastorno y las dificultades que [&hellip;]","og_url":"http:\/\/anhidacoruna.com\/web\/inscripciones-nueva-escuela-de-padres\/","og_site_name":"ANHIDACORU\u00d1A","article_publisher":"https:\/\/www.facebook.com\/anhidacoruna","article_published_time":"2019-10-28T16:03:22+00:00","article_modified_time":"2019-10-29T09:11:11+00:00","og_image":[{"width":794,"height":1123,"url":"http:\/\/anhidacoruna.com\/web\/wp-content\/uploads\/2019\/10\/ESCUELA-DE-PADRES-1.jpg","type":"image\/jpeg"}],"author":"Juan Ramos","twitter_card":"summary_large_image","twitter_creator":"@anhidacoruna","twitter_site":"@anhidacoruna","twitter_misc":{"Escrito por":"Juan Ramos","Tiempo de lectura":"2 minutos"},"schema":{"@context":"https:\/\/schema.org","@graph":[{"@type":"Article","@id":"http:\/\/anhidacoruna.com\/web\/inscripciones-nueva-escuela-de-padres\/#article","isPartOf":{"@id":"http:\/\/anhidacoruna.com\/web\/inscripciones-nueva-escuela-de-padres\/"},"author":{"name":"Juan Ramos","@id":"http:\/\/anhidacoruna.com\/web\/#\/schema\/person\/68a2f27f24bd4c31f8bf9ea691e31771"},"headline":"Inscripciones nueva escuela de padres","datePublished":"2019-10-28T16:03:22+00:00","dateModified":"2019-10-29T09:11:11+00:00","mainEntityOfPage":{"@id":"http:\/\/anhidacoruna.com\/web\/inscripciones-nueva-escuela-de-padres\/"},"wordCount":420,"publisher":{"@id":"http:\/\/anhidacoruna.com\/web\/#organization"},"image":{"@id":"http:\/\/anhidacoruna.com\/web\/inscripciones-nueva-escuela-de-padres\/#primaryimage"},"thumbnailUrl":"http:\/\/anhidacoruna.com\/web\/wp-content\/uploads\/2019\/10\/ESCUELA-DE-PADRES-1.jpg","keywords":["escuela de padres","formaci\u00f3n","padres","tdah"],"articleSection":["Noticias"],"inLanguage":"es"},{"@type":"WebPage","@id":"http:\/\/anhidacoruna.com\/web\/inscripciones-nueva-escuela-de-padres\/","url":"http:\/\/anhidacoruna.com\/web\/inscripciones-nueva-escuela-de-padres\/","name":"Inscripciones nueva escuela de padres - ANHIDACORU\u00d1A","isPartOf":{"@id":"http:\/\/anhidacoruna.com\/web\/#website"},"primaryImageOfPage":{"@id":"http:\/\/anhidacoruna.com\/web\/inscripciones-nueva-escuela-de-padres\/#primaryimage"},"image":{"@id":"http:\/\/anhidacoruna.com\/web\/inscripciones-nueva-escuela-de-padres\/#primaryimage"},"thumbnailUrl":"http:\/\/anhidacoruna.com\/web\/wp-content\/uploads\/2019\/10\/ESCUELA-DE-PADRES-1.jpg","datePublished":"2019-10-28T16:03:22+00:00","dateModified":"2019-10-29T09:11:11+00:00","breadcrumb":{"@id":"http:\/\/anhidacoruna.com\/web\/inscripciones-nueva-escuela-de-padres\/#breadcrumb"},"inLanguage":"es","potentialAction":[{"@type":"ReadAction","target":["http:\/\/anhidacoruna.com\/web\/inscripciones-nueva-escuela-de-padres\/"]}]},{"@type":"ImageObject","inLanguage":"es","@id":"http:\/\/anhidacoruna.com\/web\/inscripciones-nueva-escuela-de-padres\/#primaryimage","url":"http:\/\/anhidacoruna.com\/web\/wp-content\/uploads\/2019\/10\/ESCUELA-DE-PADRES-1.jpg","contentUrl":"http:\/\/anhidacoruna.com\/web\/wp-content\/uploads\/2019\/10\/ESCUELA-DE-PADRES-1.jpg","width":794,"height":1123},{"@type":"BreadcrumbList","@id":"http:\/\/anhidacoruna.com\/web\/inscripciones-nueva-escuela-de-padres\/#breadcrumb","itemListElement":[{"@type":"ListItem","position":1,"name":"Portada","item":"http:\/\/anhidacoruna.com\/web\/"},{"@type":"ListItem","position":2,"name":"Inscripciones nueva escuela de padres"}]},{"@type":"WebSite","@id":"http:\/\/anhidacoruna.com\/web\/#website","url":"http:\/\/anhidacoruna.com\/web\/","name":"ANHIDACORU\u00d1A","description":"","publisher":{"@id":"http:\/\/anhidacoruna.com\/web\/#organization"},"potentialAction":[{"@type":"SearchAction","target":{"@type":"EntryPoint","urlTemplate":"http:\/\/anhidacoruna.com\/web\/?s={search_term_string}"},"query-input":{"@type":"PropertyValueSpecification","valueRequired":true,"valueName":"search_term_string"}}],"inLanguage":"es"},{"@type":"Organization","@id":"http:\/\/anhidacoruna.com\/web\/#organization","name":"ANHIDACORU\u00d1A","url":"http:\/\/anhidacoruna.com\/web\/","logo":{"@type":"ImageObject","inLanguage":"es","@id":"http:\/\/anhidacoruna.com\/web\/#\/schema\/logo\/image\/","url":"https:\/\/anhidacoruna.com\/web\/wp-content\/uploads\/2015\/08\/logoanhida.jpg","contentUrl":"https:\/\/anhidacoruna.com\/web\/wp-content\/uploads\/2015\/08\/logoanhida.jpg","width":259,"height":132,"caption":"ANHIDACORU\u00d1A"},"image":{"@id":"http:\/\/anhidacoruna.com\/web\/#\/schema\/logo\/image\/"},"sameAs":["https:\/\/www.facebook.com\/anhidacoruna","https:\/\/x.com\/anhidacoruna"]},{"@type":"Person","@id":"http:\/\/anhidacoruna.com\/web\/#\/schema\/person\/68a2f27f24bd4c31f8bf9ea691e31771","name":"Juan Ramos","url":"http:\/\/anhidacoruna.com\/web\/author\/juan\/"}]}},"_links":{"self":[{"href":"http:\/\/anhidacoruna.com\/web\/wp-json\/wp\/v2\/posts\/1105","targetHints":{"allow":["GET"]}}],"collection":[{"href":"http:\/\/anhidacoruna.com\/web\/wp-json\/wp\/v2\/posts"}],"about":[{"href":"http:\/\/anhidacoruna.com\/web\/wp-json\/wp\/v2\/types\/post"}],"author":[{"embeddable":true,"href":"http:\/\/anhidacoruna.com\/web\/wp-json\/wp\/v2\/users\/2"}],"replies":[{"embeddable":true,"href":"http:\/\/anhidacoruna.com\/web\/wp-json\/wp\/v2\/comments?post=1105"}],"version-history":[{"count":6,"href":"http:\/\/anhidacoruna.com\/web\/wp-json\/wp\/v2\/posts\/1105\/revisions"}],"predecessor-version":[{"id":1112,"href":"http:\/\/anhidacoruna.com\/web\/wp-json\/wp\/v2\/posts\/1105\/revisions\/1112"}],"wp:featuredmedia":[{"embeddable":true,"href":"http:\/\/anhidacoruna.com\/web\/wp-json\/wp\/v2\/media\/1106"}],"wp:attachment":[{"href":"http:\/\/anhidacoruna.com\/web\/wp-json\/wp\/v2\/media?parent=1105"}],"wp:term":[{"taxonomy":"category","embeddable":true,"href":"http:\/\/anhidacoruna.com\/web\/wp-json\/wp\/v2\/categories?post=1105"},{"taxonomy":"post_tag","embeddable":true,"href":"http:\/\/anhidacoruna.com\/web\/wp-json\/wp\/v2\/tags?post=1105"}],"curies":[{"name":"wp","href":"https:\/\/api.w.org\/{rel}","templated":true}]}}