{"id":1027,"date":"2019-02-16T14:57:08","date_gmt":"2019-02-16T14:57:08","guid":{"rendered":"http:\/\/anhidacoruna.com\/web\/?p=1027"},"modified":"2019-02-16T14:57:08","modified_gmt":"2019-02-16T14:57:08","slug":"jornada-puntos-de-encuentro-tdah-y-asperger","status":"publish","type":"post","link":"http:\/\/anhidacoruna.com\/web\/jornada-puntos-de-encuentro-tdah-y-asperger\/","title":{"rendered":"Jornada puntos de encuentro TDAH y ASPERGER"},"content":{"rendered":"<p style=\"text-align: justify;\">Fruto del convenio que<strong> ANHIDACORU\u00d1A<\/strong> ha firmado con la <a href=\"http:\/\/www.asperga.org\/\" target=\"_blank\">asociaci\u00f3n ASPERGA ( Asociaci\u00f3n Galega de Asperger)<\/a> estamos concienciados de la necesidad del apoyo mutuo de ambas entidades para mejorar la calidad de atenci\u00f3n de las personas beneficiarias, siempre bajo la coordinaci\u00f3n de los servicios t\u00e9cnicos-profesionales y las infraestructuras para mejorar la atenci\u00f3n a las personas con estos trastornos del neurodesarrollo y sus familias.<\/p>\n<p><a href=\"http:\/\/anhidacoruna.com\/web\/wp-content\/uploads\/2019\/02\/WhatsApp-Image-2019-02-13-at-16.15.54.jpeg\"><img loading=\"lazy\" decoding=\"async\" class=\"aligncenter size-large wp-image-1028\" src=\"http:\/\/anhidacoruna.com\/web\/wp-content\/uploads\/2019\/02\/WhatsApp-Image-2019-02-13-at-16.15.54-724x1024.jpeg\" alt=\"WhatsApp Image 2019-02-13 at 16.15.54\" width=\"610\" height=\"863\" srcset=\"http:\/\/anhidacoruna.com\/web\/wp-content\/uploads\/2019\/02\/WhatsApp-Image-2019-02-13-at-16.15.54-724x1024.jpeg 724w, http:\/\/anhidacoruna.com\/web\/wp-content\/uploads\/2019\/02\/WhatsApp-Image-2019-02-13-at-16.15.54-212x300.jpeg 212w, http:\/\/anhidacoruna.com\/web\/wp-content\/uploads\/2019\/02\/WhatsApp-Image-2019-02-13-at-16.15.54.jpeg 794w\" sizes=\"auto, (max-width: 610px) 100vw, 610px\" \/><\/a><\/p>\n<p style=\"text-align: justify;\">Muestra de ello, es la jornada que el s\u00e1bado 23 de febrero de 2019 llevaremos a cabo en el Conservatorio Profesional de M\u00fasica de Culleredo entre las 17:00 y las 20:30 h y que estar\u00e1 dirigido tanto a Profesionales de los distintos \u00e1mbitos como a las familias de las personas con <strong>TDAH y ASPERGER<\/strong>.<\/p>\n<p style=\"text-align: justify;\">Para poder asistir a la jornada es imprescindible cubrir el siguiente formulario de inscripci\u00f3n, ya que el aforo es limitado.<\/p>\n<p><iframe loading=\"lazy\" src=\"https:\/\/docs.google.com\/forms\/d\/e\/1FAIpQLSe8-aE--W525R98eKZ23ZwBDrHOtFwJLjBYbzBN9ZGurzkOzQ\/viewform?embedded=true\" width=\"640\" height=\"1237\" frameborder=\"0\" marginwidth=\"0\" marginheight=\"0\">Loading&#8230;<\/iframe><\/p>\n<p style=\"text-align: justify;\">Para facilitar la necesaria previsi\u00f3n de plazas, quedar\u00edamos muy agradecidos de que, en caso de que no pudiera asistir a este acto, excuse su asistencia en la direcci\u00f3n de correo electr\u00f3nico info@anhidacoruna.com<\/p>\n","protected":false},"excerpt":{"rendered":"<p>Fruto del convenio que ANHIDACORU\u00d1A ha firmado con la asociaci\u00f3n ASPERGA ( Asociaci\u00f3n Galega de Asperger) estamos concienciados de la necesidad del apoyo mutuo de ambas entidades para mejorar la calidad de atenci\u00f3n de las personas beneficiarias, siempre bajo la coordinaci\u00f3n de los servicios t\u00e9cnicos-profesionales y las infraestructuras para mejorar la atenci\u00f3n a las personas [&hellip;]<\/p>\n","protected":false},"author":2,"featured_media":1028,"comment_status":"closed","ping_status":"closed","sticky":false,"template":"","format":"standard","meta":{"footnotes":""},"categories":[3],"tags":[74,66,17,18],"class_list":["post-1027","post","type-post","status-publish","format-standard","has-post-thumbnail","hentry","category-noticias","tag-asperger","tag-conferencia","tag-formacion","tag-tdah"],"yoast_head":"<!-- This site is optimized with the Yoast SEO plugin v26.3 - https:\/\/yoast.com\/wordpress\/plugins\/seo\/ -->\n<title>Jornada puntos de encuentro TDAH y ASPERGER - ANHIDACORU\u00d1A<\/title>\n<meta name=\"robots\" content=\"index, follow, max-snippet:-1, max-image-preview:large, max-video-preview:-1\" \/>\n<link rel=\"canonical\" href=\"http:\/\/anhidacoruna.com\/web\/jornada-puntos-de-encuentro-tdah-y-asperger\/\" \/>\n<meta property=\"og:locale\" content=\"es_ES\" \/>\n<meta property=\"og:type\" content=\"article\" \/>\n<meta property=\"og:title\" content=\"Jornada puntos de encuentro TDAH y ASPERGER - ANHIDACORU\u00d1A\" \/>\n<meta property=\"og:description\" content=\"Fruto del convenio que ANHIDACORU\u00d1A ha firmado con la asociaci\u00f3n ASPERGA ( Asociaci\u00f3n Galega de Asperger) estamos concienciados de la necesidad del apoyo mutuo de ambas entidades para mejorar la calidad de atenci\u00f3n de las personas beneficiarias, siempre bajo la coordinaci\u00f3n de los servicios t\u00e9cnicos-profesionales y las infraestructuras para mejorar la atenci\u00f3n a las personas [&hellip;]\" \/>\n<meta property=\"og:url\" content=\"http:\/\/anhidacoruna.com\/web\/jornada-puntos-de-encuentro-tdah-y-asperger\/\" \/>\n<meta property=\"og:site_name\" content=\"ANHIDACORU\u00d1A\" \/>\n<meta property=\"article:publisher\" content=\"https:\/\/www.facebook.com\/anhidacoruna\" \/>\n<meta property=\"article:published_time\" content=\"2019-02-16T14:57:08+00:00\" \/>\n<meta property=\"og:image\" content=\"http:\/\/anhidacoruna.com\/web\/wp-content\/uploads\/2019\/02\/WhatsApp-Image-2019-02-13-at-16.15.54.jpeg\" \/>\n\t<meta property=\"og:image:width\" content=\"794\" \/>\n\t<meta property=\"og:image:height\" content=\"1123\" \/>\n\t<meta property=\"og:image:type\" content=\"image\/jpeg\" \/>\n<meta name=\"author\" content=\"Juan Ramos\" \/>\n<meta name=\"twitter:card\" content=\"summary_large_image\" \/>\n<meta name=\"twitter:creator\" content=\"@anhidacoruna\" \/>\n<meta name=\"twitter:site\" content=\"@anhidacoruna\" \/>\n<meta name=\"twitter:label1\" content=\"Escrito por\" \/>\n\t<meta name=\"twitter:data1\" content=\"Juan Ramos\" \/>\n\t<meta name=\"twitter:label2\" content=\"Tiempo de lectura\" \/>\n\t<meta name=\"twitter:data2\" content=\"1 minuto\" \/>\n<script type=\"application\/ld+json\" class=\"yoast-schema-graph\">{\"@context\":\"https:\/\/schema.org\",\"@graph\":[{\"@type\":\"Article\",\"@id\":\"http:\/\/anhidacoruna.com\/web\/jornada-puntos-de-encuentro-tdah-y-asperger\/#article\",\"isPartOf\":{\"@id\":\"http:\/\/anhidacoruna.com\/web\/jornada-puntos-de-encuentro-tdah-y-asperger\/\"},\"author\":{\"name\":\"Juan Ramos\",\"@id\":\"http:\/\/anhidacoruna.com\/web\/#\/schema\/person\/68a2f27f24bd4c31f8bf9ea691e31771\"},\"headline\":\"Jornada puntos de encuentro TDAH y ASPERGER\",\"datePublished\":\"2019-02-16T14:57:08+00:00\",\"mainEntityOfPage\":{\"@id\":\"http:\/\/anhidacoruna.com\/web\/jornada-puntos-de-encuentro-tdah-y-asperger\/\"},\"wordCount\":188,\"publisher\":{\"@id\":\"http:\/\/anhidacoruna.com\/web\/#organization\"},\"image\":{\"@id\":\"http:\/\/anhidacoruna.com\/web\/jornada-puntos-de-encuentro-tdah-y-asperger\/#primaryimage\"},\"thumbnailUrl\":\"http:\/\/anhidacoruna.com\/web\/wp-content\/uploads\/2019\/02\/WhatsApp-Image-2019-02-13-at-16.15.54.jpeg\",\"keywords\":[\"asperger\",\"conferencia\",\"formaci\u00f3n\",\"tdah\"],\"articleSection\":[\"Noticias\"],\"inLanguage\":\"es\"},{\"@type\":\"WebPage\",\"@id\":\"http:\/\/anhidacoruna.com\/web\/jornada-puntos-de-encuentro-tdah-y-asperger\/\",\"url\":\"http:\/\/anhidacoruna.com\/web\/jornada-puntos-de-encuentro-tdah-y-asperger\/\",\"name\":\"Jornada puntos de encuentro TDAH y ASPERGER - ANHIDACORU\u00d1A\",\"isPartOf\":{\"@id\":\"http:\/\/anhidacoruna.com\/web\/#website\"},\"primaryImageOfPage\":{\"@id\":\"http:\/\/anhidacoruna.com\/web\/jornada-puntos-de-encuentro-tdah-y-asperger\/#primaryimage\"},\"image\":{\"@id\":\"http:\/\/anhidacoruna.com\/web\/jornada-puntos-de-encuentro-tdah-y-asperger\/#primaryimage\"},\"thumbnailUrl\":\"http:\/\/anhidacoruna.com\/web\/wp-content\/uploads\/2019\/02\/WhatsApp-Image-2019-02-13-at-16.15.54.jpeg\",\"datePublished\":\"2019-02-16T14:57:08+00:00\",\"breadcrumb\":{\"@id\":\"http:\/\/anhidacoruna.com\/web\/jornada-puntos-de-encuentro-tdah-y-asperger\/#breadcrumb\"},\"inLanguage\":\"es\",\"potentialAction\":[{\"@type\":\"ReadAction\",\"target\":[\"http:\/\/anhidacoruna.com\/web\/jornada-puntos-de-encuentro-tdah-y-asperger\/\"]}]},{\"@type\":\"ImageObject\",\"inLanguage\":\"es\",\"@id\":\"http:\/\/anhidacoruna.com\/web\/jornada-puntos-de-encuentro-tdah-y-asperger\/#primaryimage\",\"url\":\"http:\/\/anhidacoruna.com\/web\/wp-content\/uploads\/2019\/02\/WhatsApp-Image-2019-02-13-at-16.15.54.jpeg\",\"contentUrl\":\"http:\/\/anhidacoruna.com\/web\/wp-content\/uploads\/2019\/02\/WhatsApp-Image-2019-02-13-at-16.15.54.jpeg\",\"width\":794,\"height\":1123},{\"@type\":\"BreadcrumbList\",\"@id\":\"http:\/\/anhidacoruna.com\/web\/jornada-puntos-de-encuentro-tdah-y-asperger\/#breadcrumb\",\"itemListElement\":[{\"@type\":\"ListItem\",\"position\":1,\"name\":\"Portada\",\"item\":\"http:\/\/anhidacoruna.com\/web\/\"},{\"@type\":\"ListItem\",\"position\":2,\"name\":\"Jornada puntos de encuentro TDAH y ASPERGER\"}]},{\"@type\":\"WebSite\",\"@id\":\"http:\/\/anhidacoruna.com\/web\/#website\",\"url\":\"http:\/\/anhidacoruna.com\/web\/\",\"name\":\"ANHIDACORU\u00d1A\",\"description\":\"\",\"publisher\":{\"@id\":\"http:\/\/anhidacoruna.com\/web\/#organization\"},\"potentialAction\":[{\"@type\":\"SearchAction\",\"target\":{\"@type\":\"EntryPoint\",\"urlTemplate\":\"http:\/\/anhidacoruna.com\/web\/?s={search_term_string}\"},\"query-input\":{\"@type\":\"PropertyValueSpecification\",\"valueRequired\":true,\"valueName\":\"search_term_string\"}}],\"inLanguage\":\"es\"},{\"@type\":\"Organization\",\"@id\":\"http:\/\/anhidacoruna.com\/web\/#organization\",\"name\":\"ANHIDACORU\u00d1A\",\"url\":\"http:\/\/anhidacoruna.com\/web\/\",\"logo\":{\"@type\":\"ImageObject\",\"inLanguage\":\"es\",\"@id\":\"http:\/\/anhidacoruna.com\/web\/#\/schema\/logo\/image\/\",\"url\":\"https:\/\/anhidacoruna.com\/web\/wp-content\/uploads\/2015\/08\/logoanhida.jpg\",\"contentUrl\":\"https:\/\/anhidacoruna.com\/web\/wp-content\/uploads\/2015\/08\/logoanhida.jpg\",\"width\":259,\"height\":132,\"caption\":\"ANHIDACORU\u00d1A\"},\"image\":{\"@id\":\"http:\/\/anhidacoruna.com\/web\/#\/schema\/logo\/image\/\"},\"sameAs\":[\"https:\/\/www.facebook.com\/anhidacoruna\",\"https:\/\/x.com\/anhidacoruna\"]},{\"@type\":\"Person\",\"@id\":\"http:\/\/anhidacoruna.com\/web\/#\/schema\/person\/68a2f27f24bd4c31f8bf9ea691e31771\",\"name\":\"Juan Ramos\",\"url\":\"http:\/\/anhidacoruna.com\/web\/author\/juan\/\"}]}<\/script>\n<!-- \/ Yoast SEO plugin. -->","yoast_head_json":{"title":"Jornada puntos de encuentro TDAH y ASPERGER - ANHIDACORU\u00d1A","robots":{"index":"index","follow":"follow","max-snippet":"max-snippet:-1","max-image-preview":"max-image-preview:large","max-video-preview":"max-video-preview:-1"},"canonical":"http:\/\/anhidacoruna.com\/web\/jornada-puntos-de-encuentro-tdah-y-asperger\/","og_locale":"es_ES","og_type":"article","og_title":"Jornada puntos de encuentro TDAH y ASPERGER - ANHIDACORU\u00d1A","og_description":"Fruto del convenio que ANHIDACORU\u00d1A ha firmado con la asociaci\u00f3n ASPERGA ( Asociaci\u00f3n Galega de Asperger) estamos concienciados de la necesidad del apoyo mutuo de ambas entidades para mejorar la calidad de atenci\u00f3n de las personas beneficiarias, siempre bajo la coordinaci\u00f3n de los servicios t\u00e9cnicos-profesionales y las infraestructuras para mejorar la atenci\u00f3n a las personas [&hellip;]","og_url":"http:\/\/anhidacoruna.com\/web\/jornada-puntos-de-encuentro-tdah-y-asperger\/","og_site_name":"ANHIDACORU\u00d1A","article_publisher":"https:\/\/www.facebook.com\/anhidacoruna","article_published_time":"2019-02-16T14:57:08+00:00","og_image":[{"width":794,"height":1123,"url":"http:\/\/anhidacoruna.com\/web\/wp-content\/uploads\/2019\/02\/WhatsApp-Image-2019-02-13-at-16.15.54.jpeg","type":"image\/jpeg"}],"author":"Juan Ramos","twitter_card":"summary_large_image","twitter_creator":"@anhidacoruna","twitter_site":"@anhidacoruna","twitter_misc":{"Escrito por":"Juan Ramos","Tiempo de lectura":"1 minuto"},"schema":{"@context":"https:\/\/schema.org","@graph":[{"@type":"Article","@id":"http:\/\/anhidacoruna.com\/web\/jornada-puntos-de-encuentro-tdah-y-asperger\/#article","isPartOf":{"@id":"http:\/\/anhidacoruna.com\/web\/jornada-puntos-de-encuentro-tdah-y-asperger\/"},"author":{"name":"Juan Ramos","@id":"http:\/\/anhidacoruna.com\/web\/#\/schema\/person\/68a2f27f24bd4c31f8bf9ea691e31771"},"headline":"Jornada puntos de encuentro TDAH y ASPERGER","datePublished":"2019-02-16T14:57:08+00:00","mainEntityOfPage":{"@id":"http:\/\/anhidacoruna.com\/web\/jornada-puntos-de-encuentro-tdah-y-asperger\/"},"wordCount":188,"publisher":{"@id":"http:\/\/anhidacoruna.com\/web\/#organization"},"image":{"@id":"http:\/\/anhidacoruna.com\/web\/jornada-puntos-de-encuentro-tdah-y-asperger\/#primaryimage"},"thumbnailUrl":"http:\/\/anhidacoruna.com\/web\/wp-content\/uploads\/2019\/02\/WhatsApp-Image-2019-02-13-at-16.15.54.jpeg","keywords":["asperger","conferencia","formaci\u00f3n","tdah"],"articleSection":["Noticias"],"inLanguage":"es"},{"@type":"WebPage","@id":"http:\/\/anhidacoruna.com\/web\/jornada-puntos-de-encuentro-tdah-y-asperger\/","url":"http:\/\/anhidacoruna.com\/web\/jornada-puntos-de-encuentro-tdah-y-asperger\/","name":"Jornada puntos de encuentro TDAH y ASPERGER - ANHIDACORU\u00d1A","isPartOf":{"@id":"http:\/\/anhidacoruna.com\/web\/#website"},"primaryImageOfPage":{"@id":"http:\/\/anhidacoruna.com\/web\/jornada-puntos-de-encuentro-tdah-y-asperger\/#primaryimage"},"image":{"@id":"http:\/\/anhidacoruna.com\/web\/jornada-puntos-de-encuentro-tdah-y-asperger\/#primaryimage"},"thumbnailUrl":"http:\/\/anhidacoruna.com\/web\/wp-content\/uploads\/2019\/02\/WhatsApp-Image-2019-02-13-at-16.15.54.jpeg","datePublished":"2019-02-16T14:57:08+00:00","breadcrumb":{"@id":"http:\/\/anhidacoruna.com\/web\/jornada-puntos-de-encuentro-tdah-y-asperger\/#breadcrumb"},"inLanguage":"es","potentialAction":[{"@type":"ReadAction","target":["http:\/\/anhidacoruna.com\/web\/jornada-puntos-de-encuentro-tdah-y-asperger\/"]}]},{"@type":"ImageObject","inLanguage":"es","@id":"http:\/\/anhidacoruna.com\/web\/jornada-puntos-de-encuentro-tdah-y-asperger\/#primaryimage","url":"http:\/\/anhidacoruna.com\/web\/wp-content\/uploads\/2019\/02\/WhatsApp-Image-2019-02-13-at-16.15.54.jpeg","contentUrl":"http:\/\/anhidacoruna.com\/web\/wp-content\/uploads\/2019\/02\/WhatsApp-Image-2019-02-13-at-16.15.54.jpeg","width":794,"height":1123},{"@type":"BreadcrumbList","@id":"http:\/\/anhidacoruna.com\/web\/jornada-puntos-de-encuentro-tdah-y-asperger\/#breadcrumb","itemListElement":[{"@type":"ListItem","position":1,"name":"Portada","item":"http:\/\/anhidacoruna.com\/web\/"},{"@type":"ListItem","position":2,"name":"Jornada puntos de encuentro TDAH y ASPERGER"}]},{"@type":"WebSite","@id":"http:\/\/anhidacoruna.com\/web\/#website","url":"http:\/\/anhidacoruna.com\/web\/","name":"ANHIDACORU\u00d1A","description":"","publisher":{"@id":"http:\/\/anhidacoruna.com\/web\/#organization"},"potentialAction":[{"@type":"SearchAction","target":{"@type":"EntryPoint","urlTemplate":"http:\/\/anhidacoruna.com\/web\/?s={search_term_string}"},"query-input":{"@type":"PropertyValueSpecification","valueRequired":true,"valueName":"search_term_string"}}],"inLanguage":"es"},{"@type":"Organization","@id":"http:\/\/anhidacoruna.com\/web\/#organization","name":"ANHIDACORU\u00d1A","url":"http:\/\/anhidacoruna.com\/web\/","logo":{"@type":"ImageObject","inLanguage":"es","@id":"http:\/\/anhidacoruna.com\/web\/#\/schema\/logo\/image\/","url":"https:\/\/anhidacoruna.com\/web\/wp-content\/uploads\/2015\/08\/logoanhida.jpg","contentUrl":"https:\/\/anhidacoruna.com\/web\/wp-content\/uploads\/2015\/08\/logoanhida.jpg","width":259,"height":132,"caption":"ANHIDACORU\u00d1A"},"image":{"@id":"http:\/\/anhidacoruna.com\/web\/#\/schema\/logo\/image\/"},"sameAs":["https:\/\/www.facebook.com\/anhidacoruna","https:\/\/x.com\/anhidacoruna"]},{"@type":"Person","@id":"http:\/\/anhidacoruna.com\/web\/#\/schema\/person\/68a2f27f24bd4c31f8bf9ea691e31771","name":"Juan Ramos","url":"http:\/\/anhidacoruna.com\/web\/author\/juan\/"}]}},"_links":{"self":[{"href":"http:\/\/anhidacoruna.com\/web\/wp-json\/wp\/v2\/posts\/1027","targetHints":{"allow":["GET"]}}],"collection":[{"href":"http:\/\/anhidacoruna.com\/web\/wp-json\/wp\/v2\/posts"}],"about":[{"href":"http:\/\/anhidacoruna.com\/web\/wp-json\/wp\/v2\/types\/post"}],"author":[{"embeddable":true,"href":"http:\/\/anhidacoruna.com\/web\/wp-json\/wp\/v2\/users\/2"}],"replies":[{"embeddable":true,"href":"http:\/\/anhidacoruna.com\/web\/wp-json\/wp\/v2\/comments?post=1027"}],"version-history":[{"count":1,"href":"http:\/\/anhidacoruna.com\/web\/wp-json\/wp\/v2\/posts\/1027\/revisions"}],"predecessor-version":[{"id":1029,"href":"http:\/\/anhidacoruna.com\/web\/wp-json\/wp\/v2\/posts\/1027\/revisions\/1029"}],"wp:featuredmedia":[{"embeddable":true,"href":"http:\/\/anhidacoruna.com\/web\/wp-json\/wp\/v2\/media\/1028"}],"wp:attachment":[{"href":"http:\/\/anhidacoruna.com\/web\/wp-json\/wp\/v2\/media?parent=1027"}],"wp:term":[{"taxonomy":"category","embeddable":true,"href":"http:\/\/anhidacoruna.com\/web\/wp-json\/wp\/v2\/categories?post=1027"},{"taxonomy":"post_tag","embeddable":true,"href":"http:\/\/anhidacoruna.com\/web\/wp-json\/wp\/v2\/tags?post=1027"}],"curies":[{"name":"wp","href":"https:\/\/api.w.org\/{rel}","templated":true}]}}